{"id":245,"date":"2001-12-02T21:04:44","date_gmt":"2001-12-02T20:04:44","guid":{"rendered":"http:\/\/abtei.kloster-weltenburg.de\/?p=245"},"modified":"2020-06-04T20:52:20","modified_gmt":"2020-06-04T18:52:20","slug":"jahresbericht-2001","status":"publish","type":"post","link":"https:\/\/www.kloster-weltenburg.de\/en\/2001\/12\/02\/jahresbericht-2001\/","title":{"rendered":"Jahresbericht 2001"},"content":{"rendered":"<h3 style=\"text-align: justify;\">Advent 2000 \u2014 Advent 2001<\/h3>\n<p style=\"text-align: justify;\">\u201cDie Heili\u00adgen kom\u00admen wieder.\u201d Unter diesem Titel wurde vor \u00fcber 25 Jahren ein Buch \u00fcber die Heili\u00adgen und ihre Verehrung ver\u00f6f\u00adfentlicht. In diesem Jahr k\u00f6n\u00adnen wir diesen Buchti\u00adtel sehr w\u00f6rtlich nehmen und ihn \u00fcber den Hochal\u00adtar unser\u00ader Kirche schreiben. Fast drei Jahre zeigten sich zahlre\u00adiche Besuch\u00ader der Abteikirche ent\u00adt\u00e4uscht, als sie bei ihrem Betreten den gesamten Hochal\u00adtar einger\u00fcstet fan\u00adden. Lediglich ein riesiges Foto deutete an, was son\u00adst hin\u00adter den Abdeck\u00adun\u00adgen zu sehen war. Im Okto\u00adber war es nach fast drei Jahre dauern\u00adden Arbeit\u00aden so weit. Die Vorh\u00e4nge kon\u00adnten abgenom\u00admen und dann auch das Ger\u00fcst abge\u00adbaut wer\u00adden. St. Georg, der Drache und die Prinzessin erstrahlen in neuem Glanz. Aufmerk\u00adsame Beobachter k\u00f6n\u00adnen auch gle\u00adich Ver\u00e4n\u00adderun\u00adgen gegen\u00fcber dem fr\u00fcheren Ausse\u00adhen fest\u00adstellen. Man hat bei der jet\u00adzi\u00adgen Restau\u00adrierung die Orig\u00adi\u00adnal\u00adfas\u00adsung von Egid Quirin Asam wieder hergestellt. Am auf\u00adf\u00e4l\u00adlig\u00adsten ist das bei den bei\u00adden Assis\u00adten\u00adz\u00adfig\u00aduren St. Mar\u00adtin und St. Mau\u00adrus zu beobacht\u00aden. Die fr\u00fcher Gold gefassten Fig\u00aduren erscheinen nun in elfen\u00adbe\u00adin\u00adfar\u00adben\u00adem Wei\u00df. Die Leitung der Ma\u00df\u00adnahme lag in der Hand des Staatlichen Hochbauamtes Land\u00adshut unter fach\u00adlich\u00ader Beratung durch das Bay\u00aderische Lan\u00addesamt f\u00fcr Denkmalpflege. Die Arbeit\u00aden f\u00fchrte die Fir\u00adma Preis et Preis aus Pars\u00adberg aus. Fed\u00ader\u00adf\u00fchrend vor Ort war vor allem Herr Restau\u00adra\u00adtor Karl Men\u00adner. Die H\u00e4lfte der Kosten wurde von der PRO\u00adJU\u00adVIS-Stiftung \u00fcber\u00adnom\u00admen, wof\u00fcr Her\u00adrn Dick\u00ader und den Mit\u00adgliedern seines Stiftungsrates unser aufrichtiger und tief emp\u00adfun\u00adden\u00ader Dank gilt. Die andere H\u00e4lfte wurde durch den Freis\u00adtaat Bay\u00adern finanziert. Lei\u00adder wird die Freude \u00fcber den freien Blick nicht lange w\u00e4hren. F\u00fcr den n\u00e4ch\u00adsten Restau\u00adrierungsab\u00adschnitt wird Anfang des neuen Jahres 2002 der Altar\u00adraum bald einger\u00fcstet. Voraus\u00adsichtlich wer\u00adden sich die Arbeit\u00aden bis zum Jahre 2007 in mehreren Bauab\u00adschnit\u00adten von vorne nach hin\u00adten im Kirchen\u00adraum hinziehen. Eben\u00adso begin\u00adnt im kom\u00admenden Jahr die Sanierung der Dachkon\u00adstruk\u00adtion ein\u00adschlie\u00dflich der Dachdeck\u00adung sowie der Fas\u00adsaden der Abteikirche.<\/p>\n<p style=\"text-align: justify;\">Die Sub\u00adstanzsicherung und Restau\u00adrierung des Kon\u00advent\u00adge\u00adb\u00e4udes geht z\u00fcgig voran. An den Au\u00dfen\u00adfas\u00adsaden und den D\u00e4ch\u00adern zeigten sich umfan\u00adgre\u00adiche Sch\u00e4\u00adden. Der Ost\u00adfl\u00fcgel und ein Drit\u00adtel des Nord\u00adfl\u00fcgels sind nun fer\u00adtig. F\u00fcr den Ost\u00adfl\u00fcgel beste\u00adht eine staatliche Baulast, da er nach der S\u00e4ku\u00adlar\u00adi\u00adsa\u00adtion als Pfar\u00adrhof diente. Mit der Architek\u00adten\u00adleis\u00adtung und der Bauleitung wurde sowohl vom Staatlichen Hochbauamt als auch von der Abtei Herr Arnulf Magerl, Ober\u00adtraub\u00ading, beauf\u00adtragt. So wis\u00adsen wir die Bew\u00e4l\u00adti\u00adgung dieser umfan\u00adgre\u00adichen Ma\u00df\u00adnahme wieder in kom\u00adpe\u00adten\u00adten H\u00e4n\u00adden, die sich bei fr\u00fcheren Pro\u00adjek\u00adten schon bew\u00e4hrt haben. Weit\u00adge\u00adhend kon\u00adnten die Arbeit\u00aden an heimis\u00adche Fir\u00admen aus unser\u00ader Umge\u00adbung vergeben wer\u00adden. Im April began\u00adnen die Vorar\u00adbeit\u00aden im Kloster\u00adgarten. Anfang Mai mussten diese vor\u00fcberge\u00adhend kurz eingestellt wer\u00adden, da beim Erricht\u00aden der Baus\u00adtra\u00dfe Skelet\u00adtreste gefun\u00adden wur\u00adden. An dieser Stelle \u00f6stlich der Apsis der Kirche befand sich fr\u00fcher der Kloster\u00adfried\u00adhof. Die Gebeine wur\u00adden nach ein\u00ader Pr\u00fc\u00adfung durch Arch\u00e4olo\u00adgen in der Gruft an der S\u00fcd\u00adseite der Kirche beige\u00adset\u00adzt. Eine weit\u00adere Verz\u00f6gerung gab es im Juli. Ein schw\u00ader\u00ader Sturm, der in Kel\u00adheim ein Todes\u00adopfer forderte, zog eine Spur der Ver\u00adw\u00fcs\u00adtung durch ganz S\u00fcd\u00addeutsch\u00adland; dabei wur\u00adden die Pla\u00adnen des Schutz\u00addaches weg\u00adgeris\u00adsen, so da\u00df Regen\u00adwass\u00ader durch die Stuck\u00addecke in die Bib\u00adlio\u00adthek ein\u00addrang. Angesichts solch\u00ader Wasser\u00adsch\u00e4\u00adden von oben sind wir froh, dass nun endlich die gro\u00dfen Hochwasser\u00adsch\u00e4\u00adden des Jahres 1999 fast voll\u00adst\u00e4ndig behoben sind. In diesem Zusam\u00admen\u00adhang ist auch die Sakris\u00adtei kom\u00adplett ren\u00adoviert wor\u00adden. Die Stuck\u00adatur und die gro\u00dfen Gem\u00e4lde leucht\u00aden in neuem Glanz. Nach einem etwa zwei\u00adj\u00e4hrigem Pro\u00advi\u00adso\u00adri\u00adum im Klausurgang der ersten Etage sind wir mit dem Sakris\u00adtan, P. Josef, froh, wieder die Sakris\u00adtei nutzen zu k\u00f6nnen.<\/p>\n<p style=\"text-align: justify;\">Auch die Dor\u00adfkirche kon\u00adnte inzwis\u00adchen wieder\u00adhergestellt wer\u00adden. Am Pfin\u00adgsmon\u00adtag wei\u00adhte Abt Thomas den neuen Volk\u00adsaltar aus Kel\u00adheimer Mar\u00admor, der vom Bild\u00adhauer Markus Wurmer aus Hausen gefer\u00adtigt wor\u00adden war. Seit diesem Tag k\u00f6n\u00adnen P. Josef, P. Gre\u00adgor und P. Stephan dort wieder Gottes\u00addi\u00aden\u00adste feiern. Allerd\u00adings mussten die Au\u00dfe\u00adnar\u00adbeit\u00aden am Turm noch fort\u00adge\u00adset\u00adzt wer\u00adden, so dass erst zum Kirch\u00adwei\u00adh\u00adfest im Okto\u00adber der Abschluss der Ren\u00adovierun\u00adgen gefeiert wer\u00adden kon\u00adnte. Eine weit\u00adere Altarkon\u00adsekra\u00adtion nahm Abt Thomas nach Ende der mehrj\u00e4hri\u00adgen Ren\u00adovierun\u00adgen am Christk\u00f6nigsson\u00adntag, 25.XI., in der Fil\u00adialkirche Ober\u00adscham\u00adbach vor, die von P. Thomas und P. Eusta\u00adsius betreut wird. Bei\u00adde arbeit\u00aden daran, die Seel\u00adsorge der bish\u00ader unab\u00adh\u00e4ngig existieren\u00adden Pfar\u00adrei Teuert\u00ading und der Exposi\u00adtur Ein\u00admu\u00df (jew\u00adeils mit ihren Fil\u00adial\u00adge\u00admein\u00adden) st\u00e4rk\u00ader zusam\u00admen\u00adzuf\u00fchren. F\u00fcr diese war es eben\u00adfalls schon die zweite Altar\u00adwei\u00adhe in diesem Jahr. Wei\u00adh\u00adbischof Vinzenz Guggen\u00adberg\u00ader hat\u00adte den neuen Volk\u00adsaltar in der Fil\u00adialkirche Unter\u00adwendling gewei\u00adht. Weit\u00adere Restau\u00adrierungsar\u00adbeit\u00aden gibt es derzeit in der Fil\u00adialkirche Reiss\u00ading sowie in Thal\u00addorf, wo P. Pri\u00ador Benedikt regelm\u00e4\u00dfig die Son\u00adntags\u00adgottes\u00addi\u00aden\u00adste h\u00e4lt. Angesichts so viel\u00ader Bau\u00adma\u00df\u00adnah\u00admen sp\u00f6t\u00adteln manche und deuten die Ordens\u00adabk\u00fcrzung \u201cOSB\u201d mit \u201cOh, sie&nbsp;bauen.\u201d<\/p>\n<p style=\"text-align: justify;\">Wichtiger sind aber die \u201cArbeit\u00aden\u201d am Gemein\u00adschaft\u00adsleben. Wir began\u00adnen das neue Jahr 2001 wieder mit der geistlichen Zur\u00fcs\u00adtung in den Kon\u00adven\u00adtex\u00aderz\u00adi\u00adtien. Darin begleit\u00adete uns der Altabt von Ger\u00adleve, Dr. Clemens Schme\u00ading, der jet\u00adzt Spir\u00adi\u00adtu\u00adal bei den Mitschwest\u00adern in Eibin\u00adgen ist. Den Abschluss bildete die Gel\u00fcb\u00addeerneuerung in der ersten Ves\u00adper vom Hochfest der Erschei\u00adn\u00adung des Her\u00adrn. Nach dieser kon\u00adnten wir unseren Kan\u00addi\u00addat\u00aden Neven Grgic ein\u00adklei\u00adden. Er w\u00e4hlte sich den in sein\u00ader Heimat Kroa\u00adt\u00adien sehr verehrten hl. Anto\u00adnius von Pad\u00adua zum neuen Namenspa\u00adtron. Am 18.IV. starb nach schw\u00ader\u00ader Krankheit seine Mut\u00adter, Wilma Tro\u00adgr\u00adlic; Fr. Rupert begleit\u00adete ihn zur Beerdigung.<\/p>\n<p style=\"text-align: justify;\">Nicht nur im Noviziat gab es Zuwachs, son\u00addern auch in der Gemein\u00adschaft der Wel\u00adto\u00adblat\u00aden. Am 22.IX. wurde nach Beendi\u00adgung des Probe\u00adjahres Frau Mar\u00adgarete Staudigl, W\u00fcrzburg, endg\u00fcltig aufgenom\u00admen. Als Patron\u00adin w\u00e4hlte sie sich die hl. Maria Magdalena.<\/p>\n<p style=\"text-align: justify;\">Zum Tag des gottgewei\u00adht\u00aden Lebens waren am 4.II. alle Ordensleute des Bis\u00adtums zu ein\u00ader feier\u00adlichen Ves\u00adper mit Predigt des Di\u00f6ze\u00adsan\u00adbischofs in den Dom ein\u00adge\u00adladen. Als Vors\u00e4nger fungierte eine zu diesem Anlass gebildete Schola von M\u00f6nchen unseres Klosters und der Nach\u00adbarabtei Rohr. Der Dom war gut gef\u00fcllt und alle waren anschlie\u00dfend zu einem Imbiss bei den Schulschwest\u00adern ein\u00adge\u00adladen, um die M\u00f6glichkeit der Begeg\u00adnung zu&nbsp;haben.<\/p>\n<p style=\"text-align: justify;\">Am 5.III. kon\u00adnten wir den 75. Geburt\u00adstag von P. Clemens gemein\u00adsam mit ein\u00ader Abor\u00add\u00adnung sein\u00ader fr\u00fcheren Pfar\u00adrei Teuert\u00ading bege\u00adhen. Von den dreizehn M\u00f6nchen im Haus ist er unser Senior. Er \u00fcbern\u00adimmt noch Seel\u00adsorgsaushil\u00adfen und arbeit\u00adet au\u00dfer\u00adhalb der Touris\u00adten-Sai\u00adson im Kloster\u00adladen&nbsp;mit.<\/p>\n<p style=\"text-align: justify;\">Am Benedik\u00adtus-Fest, dem 11.VII. feierten wir das Sil\u00adberne Abt\u00adsju\u00adbil\u00e4um von Altabt Thomas. Im abendlichen Pon\u00adtif\u00adikalamt hielt Abt\u00adpr\u00e4s\u00ades Dr. Gre\u00adgor Zasche die Fest\u00adpredigt. Anschlie\u00dfend war ein gem\u00fctlich\u00ades Beisam\u00admen\u00adsein mit den zahlre\u00adichen G\u00e4sten und den Gl\u00e4u\u00adbi\u00adgen aus den vom Kloster betreuten Gemein\u00adden im Kloster\u00adhof bei Bier und Brezen.<\/p>\n<p style=\"text-align: justify;\">Von den G\u00e4sten, die im Laufe des Jahres unser Kloster besucht\u00aden, seien einige beson\u00adders genan\u00adnt. Am 5.IV. traf sich Di\u00f6ze\u00adsan\u00adbischof Man\u00adfred M\u00fcller mit dem Bay\u00aderischen Presse\u00adclub in Wel\u00adtenburg. An der Feier seines 75. Geburt\u00adstages am 15.XI. nahm Abt Thomas am Pon\u00adtif\u00adikalamt im Hohen Dom in Regens\u00adburg teil. Am 3.V. besuchte uns Wei\u00adh\u00adbischof Cor\u00adneliu Oni\u00adla aus Rum\u00e4nien. Drei mal kamen Bis\u00adch\u00f6fe aus S\u00fcdafri\u00adka zu Besuch, die aus dem Bis\u00adtum Regens\u00adburg stam\u00admenden Oswald Hirmer (Umta\u00adta) und Hubert Buch\u00ader (Beth\u00adle\u00adhem) sowie der Franziskan\u00ader Michael Row\u00adland (Dun\u00addec). An den Priesterex\u00aderz\u00adi\u00adtien im Novem\u00adber nahm Bischof Vik\u00adtor von Augs\u00adburg teil. Es war seit seinem Besuch als Abt\u00adpri\u00admas am 2.X.1986 sein erster Besuch in Wel\u00adtenburg. Aus dem Kreis der \u00c4bte weilte \u00fcber die bew\u00e4hrten Ref\u00ader\u00adenten beim Kom\u00admunnoviziat und dem \u201cKleinen \u00c4bte\u00adtr\u00ade\u00adf\u00adfen\u201d hin\u00adaus Abt Lawrence aus Rams\u00adgate (Eng\u00adland) einige Tage bei uns. Zwei mal spende\u00adten uns Neu\u00adpriester den Prim\u00adizsegen. Am 8.VI. kam Raphael Schliebs mit mehreren Alum\u00adnen aus Pader\u00adborn und am 10.VII. P. David Riedl aus dem Nach\u00adbark\u00adloster Rohr, dem Abt Thomas die Prim\u00adizpredigt bei der Heimat\u00adprim\u00adiz in Neu\u00adsorg&nbsp;hielt.<\/p>\n<p style=\"text-align: justify;\">Das Kon\u00adventleben wurde durch manch weit\u00adere Ereignisse bere\u00adichert, die \u00fcbliche Faschings\u00adfeier mit Bun\u00adtem Pro\u00adgramm im Mar\u00adtinssaal, nach der Anschaf\u00adfung eines neuen Trak\u00adtors eine Fahrzeugseg\u00adnung mit anschlie\u00dfen\u00adder Brotzeit im Freien auf dem Buch\u00adhof und am 18.VIII. ein Fu\u00dfball\u00adspiel gegen die Min\u00adis\u00adtran\u00adten (es wurde 4:1 gewon\u00adnen \u2014 im R\u00fcck\u00adspiel gab es Revanche: 3:5 verloren).<\/p>\n<p style=\"text-align: justify;\">Das erste Spiel war Bestandteil von zehn\u00adt\u00e4gi\u00adgen TV-Drehar\u00adbeit\u00aden. Die \u00f6ster\u00adre\u00adichis\u00adche \u201cTel\u00adlux\u201d Filmge\u00adsellschaft erstellte f\u00fcr das Bay\u00aderische Fernse\u00adhen und f\u00fcr das ORF einen 45min\u00fctigen Film \u00fcber unseren Kon\u00advent. Regis\u00adseur Volk\u00ader Schmidt hat\u00adte nach \u00f6fteren inten\u00adsiv\u00aden Vorge\u00adspr\u00e4chen das Drehbuch geschrieben und die Auf\u00adnah\u00admen geleit\u00adet. Vorge\u00adse\u00adhene Sende\u00adter\u00admine sind Son\u00adntag, 23. XII., 16.30 Uhr (Pro\u00adgramm 3 sat), 1.Weihnachtsfeiertag 25.XII, 19.00 Uhr (3. Pro\u00adgramm Bay\u00aderisches Fernse\u00adhen) und Dien\u00adstag, 5.II.2002, 19.30 Uhr (3. Pro\u00adgramm Bay\u00aderisches Fernse\u00adhen). Im Rah\u00admen ein\u00ader Serie \u00fcber Kl\u00f6ster an der Donau wurde der Film f\u00fcr die Rei\u00adhe \u201cSta\u00adtio\u00adnen\u201d im Bay\u00aderischen Fernse\u00adhen gedreht. Die Sende\u00adter\u00admine im \u00d6ster\u00adre\u00adichis\u00adchen Fernse\u00adhen sind noch nicht bekannt.<\/p>\n<p style=\"text-align: justify;\">Der diesj\u00e4hrige Kon\u00adven\u00adtaus\u00adflug ging am 18.IX. nach Freis\u00ading. Der Direk\u00adtor des Di\u00f6ze\u00adsan\u00admu\u00adse\u00adums, Dr. Stein\u00ader, hielt uns eine umfan\u00adgre\u00adiche F\u00fchrung durch die Son\u00adder\u00adausstel\u00adlung \u201cSt. Georg, der Rit\u00adter mit dem Drachen\u201d. Mehrere Auf\u00ads\u00e4tze des Kat\u00ada\u00adlogs mit dem gle\u00adichen Titel dien\u00adten uns sp\u00e4ter als Tis\u00adchle\u00adsung, die uns unseren Patron unter ver\u00adschiede\u00adnen Gesicht\u00adspunk\u00adten neu nahe bracht\u00aden. Das Mit\u00adtagessen nah\u00admen wir im Br\u00e4ust\u00fcberl von Wei\u00adhen\u00adstephan ein. Dann fol\u00adgten F\u00fchrun\u00adgen durch den Dom mit F\u00fcrsten\u00adgang und durch die Dom\u00adbib\u00adlio\u00adthek, deren Best\u00e4nde z.T. auf den let\u00adzten Wel\u00adtenburg\u00ader Abt vor der S\u00e4ku\u00adlar\u00adi\u00adsa\u00adtion, Benedikt Wern\u00ader, zur\u00fcck\u00adge\u00adhen. Er hat\u00adte nach der Kloster\u00adaufhe\u00adbung in M\u00fcnchen gewohnt und seine dort aufge\u00adbaute umfan\u00adgre\u00adiche Pri\u00advat\u00adbib\u00adlio\u00adthek dem neuer\u00adrichteten Sem\u00adi\u00adnar vererbt. Auf dem R\u00fcck\u00adweg haben wir in der Freisinger \u201cWieskirche\u201d die Ves\u00adper gesungen.<\/p>\n<p style=\"text-align: justify;\">Die Ver\u00adbun\u00adden\u00adheit unser\u00ader Abtei mit anderen Kl\u00f6stern wird durch gegen\u00adseit\u00adige Hil\u00adfen, Ein\u00adladun\u00adgen, Teil\u00adnahme an Fes\u00adtlichkeit\u00aden und Beerdi\u00adgun\u00adgen deut\u00adlich. Dar\u00fcber hin\u00adaus fand in diesem Jahr das Gen\u00ader\u00adalka\u00adpi\u00adtel Bay\u00aderischen Benedik\u00adtin\u00aderkon\u00adgre\u00adga\u00adtion (BBK) statt. Daran nah\u00admen in Nieder\u00adal\u00adtaich Abt Thomas und P. Thomas (als gew\u00e4hlter Deputiert\u00ader) teil. Im Anschluss daran ste\u00adht jew\u00adeils in den einzel\u00adnen Kl\u00f6stern die \u201c\u00c4mter\u00aderneuerung\u201d und Senioren\u00adwahl an. Alle Offizialen wur\u00adden best\u00e4tigt und die bish\u00aderi\u00adgen Senioren wieder gew\u00e4hlt.<\/p>\n<p style=\"text-align: justify;\">Fr. Simon hat inzwis\u00adchen mehr als die H\u00e4lfte der Lehrzeit als Schrein\u00ader bei der Fir\u00adma Schmid in Abens\u00adberg absolviert. Fr. Rupert musste sich mit ein\u00ader gerin\u00adgen Apfel\u00adernte zufrieden geben. Daf\u00fcr waren die Honigertr\u00e4ge um so erfreulich\u00ader. Dem\u00adn\u00e4chst wird er Honig\u00adgl\u00e4s\u00ader mit einem eige\u00adnen Klosteretikett verse\u00adhen. P. Josef kon\u00adnte die Bele\u00adgung im G\u00e4ste\u00adhaus weit\u00ader steigern. Auch die Zahl der Tagesver\u00adanstal\u00adtun\u00adgen hat sich ver\u00admehrt. F\u00fcr Anfra\u00adgen gibt es inzwis\u00adchen eine eigene E\u2011Mail-Adresse: gaestehaus@kloster-weltenburg.de. P. Stephan hat nun das The\u00adolo\u00adgi\u00ades\u00adtudi\u00adum in Salzburg abgeschlossen und begann mit Schul\u00adjahre\u00adsan\u00adfang am Donau-Gym\u00adna\u00adsi\u00adum in Kel\u00adheim das Fach Reli\u00adgion zu unter\u00adricht\u00aden. Er h\u00e4lt mit P. Gre\u00adgor z.Zt. f\u00fcr den Gebet\u00adskreis einen mehrmonati\u00adgen Glauben\u00adskurs. Zus\u00e4t\u00adzlich zu den Haupt\u00adfesten der Brud\u00ader\u00adschaften wer\u00adden immer wieder Einkehrtage ange\u00adboten. U.a. referierte dabei die bekan\u00adnte Kon\u00adver\u00adtitin Gabriele Kuby. Da mit\u00adtler\u00adweile immer mehr ausw\u00e4r\u00adtige Kirchen\u00adf\u00fchrer Grup\u00adpen nach Wel\u00adtenburg begleit\u00aden, h\u00e4lt P. Leopold regelm\u00e4\u00dfig spezielle \u201cMuster\u00adf\u00fchrun\u00adgen\u201d, so da\u00df es ein einiger\u00adma\u00dfen ein\u00adheitlich\u00ades Konzept gibt. Beson\u00adders beliebt sind bei den zahlre\u00adichen und gro\u00dfen Grup\u00adpen aus den USA seine musikalis\u00adchen Ein\u00adla\u00adgen, n\u00e4m\u00adlich der Gesang eines Choral\u00adst\u00fcck\u00ades. F\u00fcr Anfra\u00adgen, die die HVHS und auch die Kirchen\u00adf\u00fchrun\u00adgen betr\u00ade\u00adf\u00adfen, wird in K\u00fcrze fol\u00adgende E\u2011Mail-Adresse zur Ver\u00adf\u00fc\u00adgung ste\u00adhen: info@hvhs-weltenburg.de. Nun kann auch der h\u00e4u\u00adfig ge\u00e4u\u00dferte Wun\u00adsch nach Orgel\u00admusik aus unser\u00ader Abteikirche erf\u00fcllt wer\u00adden. Eine von P. Stephan vor l\u00e4n\u00adger\u00ader Zeit an der his\u00adtorischen Bran\u00adden\u00adstein-Orgel einge\u00adspielte CD ist jet\u00adzt fer\u00adtiggestellt wor\u00adden und kann im Kloster\u00adladen erwor\u00adben bzw. auch bestellt wer\u00adden. P. Pri\u00ador ist mit dem steigen\u00adden Umsatz seit der Neugestal\u00adtung des Ladens sehr zufrieden. Beson\u00adders der Buchverkauf hat zugenommen.<\/p>\n<p style=\"text-align: justify;\">W\u00e4hrend diese Zeilen geschrieben wer\u00adden, ist allerd\u00adings schon Win\u00adter\u00adruhe. Wenn zu Aller\u00adheili\u00adgen die Schiff\u00adfahrt eingestellt wird und bald darauf die Kloster\u00adschenke schlie\u00dft, kom\u00admen nur noch vere\u00adinzelt G\u00e4ste oder gar Grup\u00adpen zum Kloster. Das wis\u00adsen allerd\u00adings ger\u00adade die Besuch\u00ader des G\u00e4ste\u00adhaus\u00ades zu sch\u00e4tzen, das lediglich \u00fcber Wei\u00adh\u00adnacht\u00aden und w\u00e4hrend der Kon\u00adven\u00adtex\u00aderz\u00adi\u00adtien geschlossen ist. Wir w\u00fcn\u00adschen auch Ihnen jet\u00adzt in den Wochen der adventlichen Vor\u00adbere\u00aditun\u00adgen und zu den gro\u00dfen Fes\u00adten ein paar stille, besinnliche Tage und dann ein fro\u00adhes und geseg\u00adnetes Wei\u00adh\u00adnachts\u00adfest. M\u00f6ge f\u00fcr uns alle trotz gro\u00dfen Lei\u00addes und Schreck\u00adens auf der ganzen Welt das Jahr des Her\u00adrn 2002 ein Jahr des Friedens wer\u00adden. Daf\u00fcr hat auch der Papst wieder Glieder aller Reli\u00adgion\u00ads\u00adge\u00admein\u00adschaften zum Gebet nach Assisi ein\u00adge\u00adladen (24.I.). Ger\u00adade wir Kl\u00f6ster schlie\u00dfen uns dem an und hal\u00adten das Anliegen in unseren Gebeten immer wieder lebendig. Auch Sie alle mit Ihren kleinen und gro\u00dfen Anliegen schlie\u00dfen wir dankbar f\u00fcr jede Ver\u00adbun\u00adden\u00adheit in unser Gebet&nbsp;ein.<\/p>\n<p style=\"text-align: justify;\">Dazu gr\u00fc\u00dfen Sie Ihre Benedik\u00adtin\u00ader von Weltenburg.<\/p>\n","protected":false},"excerpt":{"rendered":"<p>Advent 2000 \u2014 Advent 2001 \u201cDie Heili\u00adgen kom\u00admen wieder.\u201d Unter diesem Titel wurde vor \u00fcber 25 Jahren ein Buch \u00fcber die Heili\u00adgen und ihre Verehrung ver\u00f6f\u00adfentlicht. In diesem Jahr k\u00f6n\u00adnen wir diesen Buchti\u00adtel sehr w\u00f6rtlich nehmen und ihn \u00fcber den Hochal\u00adtar unser\u00ader Kirche schreiben. Fast drei Jahre zeigten sich zahlre\u00adiche Besuch\u00ader der Abteikirche ent\u00adt\u00e4uscht, als&nbsp;\u2026&nbsp;<\/p>\n<p class=\"link-more\"><a href=\"https:\/\/www.kloster-weltenburg.de\/en\/2001\/12\/02\/jahresbericht-2001\/\" class=\"more-link\">Con\u00adtin\u00adue read\u00ading<span class=\"screen-reader-text\"> \u201cJahres\u00adbericht 2001\u201d<\/span><\/a><\/p>\n","protected":false},"author":2,"featured_media":0,"comment_status":"closed","ping_status":"open","sticky":false,"template":"","format":"standard","meta":{"wp_typography_post_enhancements_disabled":false,"ngg_post_thumbnail":0,"footnotes":""},"categories":[36],"tags":[],"class_list":["post-245","post","type-post","status-publish","format-standard","hentry","category-jahresberichte"],"_links":{"self":[{"href":"https:\/\/www.kloster-weltenburg.de\/en\/wp-json\/wp\/v2\/posts\/245","targetHints":{"allow":["GET"]}}],"collection":[{"href":"https:\/\/www.kloster-weltenburg.de\/en\/wp-json\/wp\/v2\/posts"}],"about":[{"href":"https:\/\/www.kloster-weltenburg.de\/en\/wp-json\/wp\/v2\/types\/post"}],"author":[{"embeddable":true,"href":"https:\/\/www.kloster-weltenburg.de\/en\/wp-json\/wp\/v2\/users\/2"}],"replies":[{"embeddable":true,"href":"https:\/\/www.kloster-weltenburg.de\/en\/wp-json\/wp\/v2\/comments?post=245"}],"version-history":[{"count":2,"href":"https:\/\/www.kloster-weltenburg.de\/en\/wp-json\/wp\/v2\/posts\/245\/revisions"}],"predecessor-version":[{"id":334,"href":"https:\/\/www.kloster-weltenburg.de\/en\/wp-json\/wp\/v2\/posts\/245\/revisions\/334"}],"wp:attachment":[{"href":"https:\/\/www.kloster-weltenburg.de\/en\/wp-json\/wp\/v2\/media?parent=245"}],"wp:term":[{"taxonomy":"category","embeddable":true,"href":"https:\/\/www.kloster-weltenburg.de\/en\/wp-json\/wp\/v2\/categories?post=245"},{"taxonomy":"post_tag","embeddable":true,"href":"https:\/\/www.kloster-weltenburg.de\/en\/wp-json\/wp\/v2\/tags?post=245"}],"curies":[{"name":"wp","href":"https:\/\/api.w.org\/{rel}","templated":true}]}}