{"id":247,"date":"2003-12-01T21:05:16","date_gmt":"2003-12-01T20:05:16","guid":{"rendered":"http:\/\/abtei.kloster-weltenburg.de\/?p=247"},"modified":"2020-06-04T20:51:57","modified_gmt":"2020-06-04T18:51:57","slug":"jahresbericht-2002","status":"publish","type":"post","link":"https:\/\/www.kloster-weltenburg.de\/eo\/2003\/12\/01\/jahresbericht-2002\/","title":{"rendered":"Jahresbericht 2002"},"content":{"rendered":"<div class=\"inhalt\">\n<div class=\"inhaltmain\">\n<div class=\"inhaltmain_ganz\">\n<p>Advent 2001 \u2014 Advent 2002<\/p>\n<p style=\"text-align: justify;\">Vor einem Jahr konn\u00adten wir an die\u00adser Stel\u00adle auf die neu reno\u00advi\u00ader\u00adte Figu\u00adren-Gru\u00adppe des Drac\u00adhen\u00adkam\u00adp\u00adfes des hl. Georg am Hoc\u00adhal\u00adtar unse\u00adrer Abte\u00adi\u00adkirc\u00adhe hinwe\u00adi\u00adsen. Es bli\u00adeb nic\u00adht viel Zeit, die\u00adses Kun\u00adstwerk zu bewun\u00addern. Schon bald wur\u00adde der gan\u00adze Alta\u00adrra\u00adum ein\u00adge\u00adr\u00fcs\u00adtet, um die Res\u00adta\u00adu\u00adri\u00ade\u00adrung der Fre\u00ads\u00adken, des Alta\u00adra\u00adus\u00adzu\u00adges und der Raum\u00adsc\u00adha\u00adle durc\u00adhzu\u00adf\u00fchren. Das Ende die\u00adses Bau\u00adab\u00adsc\u00adhnit\u00adtes ste\u00adht kurz bevor. An den Kos\u00adten bete\u00adi\u00adlig\u00adte sich wie\u00adder in gro\u00ad\u00dfher\u00adzi\u00adger Wei\u00adse die PRO\u00adJU\u00adVIS-Sti\u00adf\u00adtung, wof\u00fcr Herrn Dic\u00adker und den Mit\u00adgli\u00ade\u00addern sei\u00adnes Sti\u00adf\u00adtung\u00ads\u00adra\u00adtes unser aufric\u00adhti\u00adger Dank geb\u00fchrt. Eben\u00adso sei der Baye\u00adri\u00adsc\u00adhen Spar\u00adkas\u00adsen\u00adsti\u00adf\u00adtung und der Kre\u00adis\u00ads\u00adpar\u00adkas\u00adse Kel\u00adhe\u00adim f\u00fcr ihre F\u00f6r\u00adde\u00adrung der Res\u00adta\u00adu\u00adri\u00ade\u00adrung gedankt. Wenn auch etwas beengt, konn\u00adten wir trotz\u00addem das Chor\u00adge\u00adbet und die Hl. Mes\u00adse in der Kirc\u00adhe fei\u00adern. Die zahl\u00adre\u00adic\u00adhen Tou\u00adri\u00ads\u00adten k\u00f6n\u00adnen wenig\u00ads\u00adtens wie\u00adder durch ein Foto in Ori\u00adgi\u00adnal\u00adgr\u00f6\u00dfe einen kle\u00adi\u00adnen Ein\u00addruck vom Hoc\u00adhal\u00adtar gewin\u00adnen. Vor der Ein\u00adr\u00fcs\u00adtung \u00fcber\u00adleg\u00adten wir, was mit der sehr sani\u00ade\u00adrung\u00ads\u00adbe\u00add\u00fcr\u00adf\u00adti\u00adgen Cho\u00adror\u00adgel gesc\u00adhe\u00adhen sol\u00adle. Wir ent\u00adsc\u00adhi\u00ade\u00adden uns, sie der Dia\u00ads\u00adpo\u00adra-Pfa\u00adrrei Bri\u00ade\u00adse\u00adlang im Havel\u00adland (bei Ber\u00adlin) zu schen\u00adken. Jugend\u00adlic\u00adhe von dort \u2014 u. a. der Orga\u00adnist Manu\u00adel Ahrens \u2014 kom\u00admen seit vie\u00adlen Jahren f\u00fcr \u201cKlo\u00ads\u00adter auf Zeit\u201d zu uns. Noch im Janu\u00adar haben sie die Orgel abge\u00adba\u00adut und abge\u00adholt. Manu\u00adel wirk\u00adte \u00fcbri\u00adgens bei Fern\u00adse\u00adha\u00aduf\u00adna\u00adhmen in unse\u00adrem Klo\u00ads\u00adter Ende Juli mit, die in einer Jugend\u00adsen\u00addung des Baye\u00adri\u00adsc\u00adhen Fern\u00adse\u00adhens \u00fcber \u201cUrla\u00adub ein\u00admal anders\u201d aus\u00adg\u00ade\u00adstra\u00adhlt wor\u00adden&nbsp;sind.<\/p>\n<p style=\"text-align: justify;\">Das Inne\u00adre der Abte\u00adi\u00adkirc\u00adhe ist momen\u00adtan aber nic\u00adht die ein\u00adz\u00adige Bau\u00ads\u00adtel\u00adle.. Die Au\u00dfen\u00adre\u00adno\u00advi\u00ade\u00adrung des Kon\u00advent\u00adge\u00adb\u00e4u\u00addes wur\u00adde im Klo\u00ads\u00adter\u00adhof und an der Dona\u00adu\u00adse\u00adite fort\u00adge\u00adf\u00fchrt, eben\u00adso die Dac\u00adhs\u00adtu\u00adhl\u00adsa\u00adni\u00ade\u00adrung und die Neu\u00ade\u00adind\u00adec\u00adkung der D\u00e4c\u00adher. In deren Rahmen war auch die St. Niko\u00adla\u00adu\u00ads\u00adka\u00adpel\u00adle betrof\u00adfen. Bei der Erg\u00e4n\u00adzung der Dac\u00adhbal\u00adken wur\u00adde die Holz\u00adver\u00adkle\u00adi\u00addung abge\u00adnom\u00admen, so dass nun das Geb\u00e4lk sic\u00adht\u00adbar ist. Gege\u00adn\u00fcber der Kapel\u00adle ent\u00ads\u00adte\u00adht ein Semi\u00adnar- und Medi\u00adta\u00adti\u00adon\u00ads\u00adra\u00adum. Am auf\u00adf\u00e4l\u00adlig\u00ads\u00adten ist die kom\u00adplet\u00adte Ein\u00adr\u00fcs\u00adtung der Kirc\u00adhen\u00adku\u00adppel. Manc\u00adhen erin\u00adnert sie an ein Werk des \u201cVer\u00adh\u00fcl\u00adlung\u00ads\u00adk\u00fcn\u00adstlers\u201d Cristo (vgl. Reic\u00adhs\u00adtag in Ber\u00adlin). Beson\u00adde\u00adres Auf\u00adse\u00adhen erreg\u00adte am 7. Juni die bei Vollspe\u00adrrung von Kirc\u00adhe, Laden, Pfor\u00adte und hal\u00adbem Klo\u00ads\u00adter\u00adhof vor\u00adge\u00adnom\u00adme\u00adne Erric\u00adhtung eines rie\u00adsi\u00adgen Schutz\u00addac\u00adhes \u00fcber der Kuppel mit\u00adtels eines Auto\u00adkrans. Sowo\u00adhl f\u00fcr das Klo\u00ads\u00adter\u00adl\u00adeben als auch f\u00fcr den G\u00e4s\u00adte\u00adbe\u00adtri\u00adeb und die Kirc\u00adhen\u00adbe\u00adsuc\u00adher \u2014 sei es zu Got\u00adtes\u00addi\u00aden\u00adsten oder Kirc\u00adhen\u00adf\u00fchrun\u00adgen \u2014 bede\u00adu\u00adten die\u00adse Reno\u00advi\u00ade\u00adrung\u00adsar\u00adbe\u00adi\u00adten gewis\u00adse Ein\u00adsc\u00adhr\u00e4n\u00adkun\u00adgen, die immer bei Bau\u00adma\u00ad\u00dfna\u00adhmen in Kauf genom\u00admen wer\u00adden m\u00fcssen.<\/p>\n<p style=\"text-align: justify;\">Die Reno\u00advi\u00ade\u00adrung der Fili\u00adal\u00adkirc\u00adhe in Reis\u00adsing, die unter Abt Mau\u00adrus B\u00e4c\u00adhl 1739\u20131740 erba\u00adut wor\u00adden war, wur\u00adde in die\u00adsem Jahr abge\u00adsc\u00adhlos\u00adsen. Am Kirc\u00adhwe\u00adih-Sonn\u00adtag, 20. Okt\u00adober, nahm Abt Tho\u00admas in Kon\u00adze\u00adle\u00adbra\u00adti\u00adon mit Pfa\u00adrrer P. Tho\u00admas und Kaplan P. Eus\u00adta\u00adsi\u00adus sowie zwei vom Ort stam\u00admen\u00adden Pri\u00ade\u00ads\u00adtern die fei\u00ader\u00adlic\u00adhe Wei\u00adhe des neu\u00aden Volk\u00adsal\u00adta\u00adres vor, der von der M\u00fcnc\u00adhe\u00adner Bild\u00adha\u00adu\u00ade\u00adrin Anne\u00adlie Kre\u00admer gesc\u00adhaf\u00adfen wor\u00adden&nbsp;ist.<\/p>\n<p style=\"text-align: justify;\">All die\u00adse Reno\u00advi\u00ade\u00adrung\u00adsar\u00adbe\u00adi\u00adten sind n\u00f6tig f\u00fcr unser allt\u00e4glic\u00adhes Leben und beson\u00adders auch f\u00fcr die w\u00fcr\u00add\u00adige Fei\u00ader des Got\u00adtes\u00adl\u00adobes. Die\u00adses bil\u00addet das Zen\u00adtrum unse\u00adres kl\u00f6s\u00adter\u00adlic\u00adhen Tage\u00adsa\u00adbla\u00adufs. Um dazu auch neue gei\u00ads\u00adtlic\u00adhe Anre\u00adgun\u00adgen zu erhal\u00adten, began\u00adnen wir wie\u00adder das B\u00fcr\u00adger\u00adlic\u00adhe Jahr mit den Kon\u00advent-Exer\u00adzi\u00adti\u00aden: Wei\u00adhbi\u00adsc\u00adhof Dr. Bern\u00adhard Ha\u00dfl\u00adber\u00adger (M\u00fcnc\u00adhen-Fre\u00adi\u00adsing) hielt uns die Vor\u00adtr\u00e4ge anhand aus\u00adge\u00adw\u00e4hl\u00adter Peri\u00adko\u00adpen aus der Hei\u00adli\u00adgen Schri\u00adft. F\u00fcr Fr. Anto\u00adni\u00adus dien\u00adten die\u00adse Exer\u00adzi\u00adti\u00aden zugle\u00adich auch der per\u00ads\u00f6n\u00adlic\u00adhen Vor\u00adbe\u00adre\u00adi\u00adtung auf die Zei\u00adtlic\u00adhe Pro\u00adfess, die er am Hoc\u00adhfest der Ersc\u00adhe\u00adi\u00adnung des Herrn, 6. Janu\u00adar, im Pon\u00adtifi\u00adka\u00adlamt abge\u00adlegt hat. Er ver\u00adsorgt das Refek\u00adto\u00adri\u00adum und h\u00e4lt in engli\u00adsc\u00adher und deut\u00adsc\u00adher Sprac\u00adhe Kirc\u00adhen\u00adf\u00fchrun\u00adgen. Im Fr\u00fchja\u00adhr hat\u00adte er Unte\u00adrric\u00adht und Fahr\u00ads\u00adtun\u00adden, um die F\u00fchrer\u00adsc\u00adhe\u00adin\u00adpr\u00fcfung zu mac\u00adhen. Am 9. Mai nahm er den F\u00fchrer\u00adsc\u00adhe\u00adin in Emp\u00adfang. Geme\u00adin\u00adsam mit Fr. Simon nahm er w\u00e4hrend der Oste\u00adrwoc\u00adhe an der Tri\u00aden\u00adna\u00adlen-Tagung in Ott\u00adobe\u00adu\u00adren teil. Fr. Simon konn\u00adte sei\u00adne Lehre im Schre\u00adi\u00adner\u00adhan\u00addwerk absc\u00adhli\u00ade\u00ad\u00dfen. Am 25. Okt\u00adober erhi\u00adelt er sei\u00adnen Gesel\u00adlen\u00adbri\u00adef als Schre\u00adi\u00adner, den als Zim\u00adme\u00adrer hat\u00adte er bere\u00adits vor dem Klo\u00ads\u00adte\u00adre\u00adin\u00adtritt erwor\u00adben. Der Fir\u00adma Schmid, Aben\u00ads\u00adberg, geb\u00fchrt aufric\u00adhti\u00adger Dank, dass unser Mit\u00adbru\u00adder dort eine gedi\u00ade\u00adge\u00adne Aus\u00adbil\u00addung erhal\u00adten hat. Mit\u00adte August konn\u00adte Fr. Simon sein K\u00f6n\u00adnen unter Bewe\u00adis stel\u00adlen, als er mit ande\u00adren Mitar\u00adbe\u00adi\u00adtern die\u00adser Fir\u00adma w\u00e4hrend eines neu\u00ader\u00adlic\u00adhen Hoc\u00adhwas\u00adsers die gesam\u00adte Ein\u00adric\u00adhtung des Klo\u00ads\u00adter\u00adla\u00addens, des Refek\u00adto\u00adri\u00adums usw. aus\u00adba\u00adu\u00aden \u2014 und nach den erfor\u00adder\u00adlic\u00adhen Rei\u00adni\u00adgun\u00adgen \u2014 nach eini\u00adgen Tagen wie\u00adder ein\u00adba\u00adu\u00aden mus\u00ads\u00adte. Den zahl\u00adre\u00adic\u00adhen Hel\u00adfe\u00adrin\u00adnen und Hel\u00adfern, die beim Ein- und Aus\u00adr\u00e4u\u00admen sowie Put\u00adzen aktiv waren, m\u00f6c\u00adhten wir an die\u00adser Stel\u00adle ein beson\u00adders herz\u00adlic\u00adhes \u201cVer\u00adgel\u00adt\u2019s Gott\u201d sagen! Bei die\u00adsem Hoc\u00adhwas\u00adser b\u00fc\u00dfte Fr. Rupert einen gro\u00ad\u00dfen Teil der Ern\u00adte im Klo\u00ads\u00adter\u00adgar\u00adten ein, z. B. den gesam\u00adten Kr\u00e4u\u00adter\u00adgar\u00adten. Die Bie\u00adnen waren got\u00adtlob dies\u00admal nic\u00adht davon betrof\u00adfen \u2014 trotz\u00addem kann bei wei\u00adtem nic\u00adht die Nac\u00adhfra\u00adge nach dem Klo\u00ads\u00adter\u00adho\u00adnig gedeckt wer\u00adden. Ent\u00adge\u00adgen wei\u00adten Tei\u00adlen Mit\u00adtel\u00adde\u00adut\u00adsc\u00adhlands und ande\u00adrer L\u00e4n\u00adder Euro\u00adpas und dar\u00fcber hina\u00adus kamen wir bei die\u00adsem Hoc\u00adhwas\u00adser noch ein\u00admal \u201cmit bla\u00adu\u00adem Auge davon\u201d. Die Gefa\u00adhr der \u00dcber\u00adflu\u00adtung des Klo\u00ads\u00adters war sehr gro\u00df. Das Was\u00adser der Donau reic\u00adhte bere\u00adits 30 cm bis unter die Fen\u00adster der Klo\u00ads\u00adter\u00adsc\u00adhen\u00adke. Die Feu\u00ade\u00adrwe\u00adhr dic\u00adht\u00adete die Zug\u00e4n\u00adge zum Klo\u00ads\u00adter\u00adhof mit Sand\u00adsack\u00adba\u00adrri\u00ade\u00adren ab und pum\u00adp\u00adte das Was\u00adser aus den Kel\u00adlern. Beun\u00adru\u00adhi\u00adgend ist, dass die Flu\u00adten immer h\u00e4u\u00adfi\u00adger kom\u00admen. Ein ers\u00adtes Mal trat die Donau schon in der Fas\u00adten\u00adze\u00adit \u00fcber die Ufer, so dass am Palm\u00adsonn\u00adtag die Pro\u00adzes\u00adsi\u00adon nur ver\u00adk\u00fcrzt im Klo\u00ads\u00adter\u00adhof gehal\u00adten wer\u00adden konn\u00adte. Ende Sep\u00adtem\u00adber stand die Asam\u00ads\u00adtra\u00ad\u00dfe noc\u00adhmals unter Was\u00adser. So mus\u00ads\u00adte ein Vor\u00adtrag der \u201cGru\u00adppe Gesc\u00adhic\u00adhte\u201d der Wel\u00adten\u00adbur\u00adger Aka\u00adde\u00admie abge\u00adsagt wer\u00adden \u2014 alle ande\u00adren konn\u00adten pla\u00adn\u00adm\u00e4\u00dfig durc\u00adhge\u00adf\u00fchrt wer\u00adden, eben\u00adso die drei Kon\u00adzer\u00adte der \u201cWel\u00adten\u00adbur\u00adger Musik\u00adge\u00adme\u00adin\u00adsc\u00adha\u00adft\u201d. In der ers\u00adten H\u00e4l\u00adf\u00adte des Monats Novem\u00adber war die Donau st\u00e4n\u00addig rand\u00advoll. Das Som\u00admer\u00adkon\u00adzert der Musik\u00adge\u00adme\u00adin\u00adsc\u00adha\u00adft stand unter dem Thema des Jubi\u00adl\u00e4ums \u201c1000 Jahre Kai\u00adser Hein\u00adrich II.\u201d. Die\u00adsem Jubi\u00adl\u00e4um war auch die Baye\u00adri\u00adsc\u00adhe Lan\u00adde\u00adsa\u00adus\u00ads\u00adtel\u00adlung vom \u201cHaus der Baye\u00adri\u00adsc\u00adhen Gesc\u00adhic\u00adhte\u201d in Bam\u00adberg gewid\u00admet. Sie war das Ziel unse\u00adres Kon\u00adven\u00adta\u00adu\u00ads\u00adflu\u00adges am 12. Sep\u00adtem\u00adber. Im Ansc\u00adhluss an die bee\u00adin\u00addruc\u00adk\u00adende Besic\u00adhti\u00adgung lud uns die Fami\u00adlie von P. Pri\u00ador Bene\u00addikt zum Mit\u00adtag- und Aben\u00addes\u00adsen nach Hohen\u00adg\u00fc\u00dfbach ein: dazwi\u00adsc\u00adhen unter\u00adna\u00adhmen wir am Nac\u00adhmit\u00adtag einen Aus\u00adflug nach Vier\u00adze\u00adhn\u00adhe\u00adi\u00adli\u00adgen, wo uns P. Guar\u00addi\u00adan Kla\u00adus OFM eine Kirc\u00adhen\u00adf\u00fchrung hielt. Von dort wan\u00adder\u00adten wir auf den Staf\u00adfel\u00adberg. Das Kon\u00adven\u00adtamt mit Ves\u00adper fei\u00ader\u00adten wir in der Dorf\u00adkirc\u00adhe, nur wen\u00adige Schrit\u00adte von Fami\u00adlie Fle\u00adi\u00adsc\u00adhman\u00adn\u2019s Hof entfernt.<\/p>\n<p style=\"text-align: justify;\">Wei\u00adte\u00adre geme\u00adin\u00adsa\u00adme Unter\u00adne\u00adhmun\u00adgen des Kon\u00adven\u00adtes im Lau\u00adfe des Jahres waren z. B. die schon tra\u00addi\u00adti\u00ado\u00adnel\u00adle Fasc\u00adhing\u00ads\u00adfe\u00adi\u00ader: Sie stand unter dem Titel unse\u00adres TV-Fil\u00admes \u201cZei\u00adten der Pr\u00fcfung\u201d, der inzwi\u00adsc\u00adhen schon sec\u00adhs mal aus\u00adg\u00ade\u00adstra\u00adhlt wor\u00adden ist. Fast jedes mal gab es im Ansc\u00adhluss an solc\u00adhe \u00dcber\u00adtra\u00adgun\u00adgen ver\u00adsc\u00adhi\u00ade\u00adde\u00adne Anfra\u00adgen an unser Klo\u00ads\u00adter. Am 28. April fei\u00ader\u00adte Altabt Tho\u00admas bei uns sei\u00adnen 80. Geburt\u00ads\u00adtag. Er ist noch rec\u00adht r\u00fcs\u00adtig und viel unte\u00adrwegs. Zum Hau\u00adpt\u00adfest der Herz-Mari\u00e4-Bru\u00adder\u00adsc\u00adha\u00adft fei\u00ader\u00adte er das Pon\u00adtifi\u00adka\u00adlamt. Dazu sang der Stu\u00adden\u00adten-Chor aus War\u00adsc\u00adhau, f\u00fcr den P. Gre\u00adgor eine einw\u00f6c\u00adhige Tour\u00adnee in der Umge\u00adbung und M\u00fcnc\u00adhen orga\u00adni\u00adsi\u00adert hat\u00adte. Zum Bene\u00addik\u00adtus-Fest, 11. Juli, hielt der neue Abt des Nac\u00adhbar\u00adklo\u00ads\u00adters Rohr, Gre\u00adgor Zippel, sein ers\u00adtes Pon\u00adtifi\u00adka\u00adlamt. Bei sch\u00f6nem Wet\u00adter konn\u00adte im Ansc\u00adhluss die Bewir\u00adtung der Mit\u00adfe\u00adi\u00adern\u00adden im Bier\u00adgar\u00adten statt\u00adfin\u00adden; eben\u00adso beim Som\u00admer\u00adsin\u00adgen der Pfarrei.<\/p>\n<p style=\"text-align: justify;\">Nat\u00fcr\u00adlich wird nic\u00adht nur das gan\u00adze Jahr gefe\u00adi\u00adert. Wir ver\u00adsuc\u00adhten auch manc\u00adhes auf\u00adzu\u00adar\u00adbe\u00adi\u00adten. Dem dien\u00adte die kano\u00adni\u00adsc\u00adhe Visi\u00adta\u00adti\u00adon vom 4.\u20136.M\u00e4rz durch Abt\u00adpr\u00e4ses Gre\u00adgor Zasc\u00adhe (Sch\u00e4f\u00adtlarn) und P. Rap\u00adha\u00adel Lang (Ettal), der am 27. Febru\u00adar die Wirt\u00adsc\u00adha\u00adft\u00ads\u00adpr\u00fcfung durch die Zel\u00adle\u00adra\u00adre von Met\u00adten und Nie\u00adde\u00adral\u00adta\u00adich, P. Mar\u00adkus und P. Lau\u00adren\u00adti\u00adus, vora\u00adu\u00ads\u00adging. An unse\u00adren Stim\u00admen arbe\u00adi\u00adte\u00adten wir mir Frau Glo\u00adria Bra\u00adun\u00adstor\u00adfer am 18. Juli. F\u00fcr P. Cle\u00admens Maria wur\u00adde eine Ope\u00adra\u00adti\u00adon am Gra\u00adu\u00aden Star erfor\u00adder\u00adlich. Er \u00fcber\u00adnimmt noch zahl\u00adre\u00adic\u00adhe seel\u00adsor\u00adglic\u00adhe Aus\u00adhil\u00adfen. P. Rap\u00adha\u00adel war l\u00e4n\u00adge\u00adre Zeit im Kran\u00adken\u00adha\u00adus und trat in die\u00adsem Jahr in den Ruhe\u00ads\u00adtand. Er ble\u00adibt im Pfa\u00adrr\u00adha\u00adus sei\u00adner bis\u00adhe\u00adri\u00adgen Expo\u00adsi\u00adtur Obe\u00adrri\u00aded am Arber wohnen.<\/p>\n<p style=\"text-align: justify;\">Auch aus den Rei\u00adhen der Klo\u00ads\u00adte\u00adran\u00adge\u00ads\u00adtellten tra\u00adten zum Sai\u00adso\u00adn\u00adende ein\u00adige in den Ruhe\u00ads\u00adtand: Frau Anna Strobel aus Wel\u00adten\u00adburg und Frau Geor\u00adgi\u00adne Schwe\u00adi\u00adger aus Thal\u00addorf (Gema\u00adhlin unse\u00adres Bra\u00adu\u00adme\u00adi\u00ads\u00adters) been\u00adden ihre lang\u00adj\u00e4hr\u00adige T\u00e4tig\u00adke\u00adit im Klo\u00ads\u00adter\u00adla\u00adden. Eine Nac\u00adhfol\u00adge\u00adrin f\u00fcr das kom\u00admende Jahr ist schon in Aus\u00adsic\u00adht: Frau Mari\u00adan\u00adne Oss\u00admann (aus Wel\u00adten\u00adburg) hat sich bewor\u00adben, die bis vor kur\u00adzem an der Nord\u00adse\u00adite des Klo\u00ads\u00adters einen Sou\u00adve\u00adnir-Kio\u00adsk betri\u00adeben und ent\u00ads\u00adprec\u00adhende \u00dcbung in die\u00adsem T\u00e4tig\u00adke\u00adit\u00ads\u00adbe\u00adre\u00adich hat. Mit Ende des Beric\u00adhts\u00adja\u00adhres tritt auch Herr Die\u00adter Sch\u00f6n\u00adfeld, der Bau\u00adme\u00adi\u00ads\u00adter unse\u00adrer Lan\u00addwirt\u00adsc\u00adha\u00adft auf dem Buc\u00adhhof, in den Ruhe\u00ads\u00adtand. Seit 1970 arbe\u00adi\u00adt\u00adete er mit gro\u00ad\u00dfem Ein\u00adsatz und Fac\u00adhkennt\u00adnis auf unse\u00adrem Hof, den er seit 1995 auch lei\u00adt\u00adete. Wir dan\u00adken unse\u00adren ehe\u00adma\u00adli\u00adgen Mitar\u00adbe\u00adi\u00adtern f\u00fcr die gele\u00adi\u00ads\u00adt\u00adete Arbe\u00adit und f\u00fcr ihr tre\u00adu\u00ades Ste\u00adhen zu unse\u00adrem Haus. Wir w\u00fcn\u00adsc\u00adhen ihnen noch vie\u00adle gesun\u00adde und gese\u00adg\u00adn\u00adete Jahre im Kre\u00adis ihrer Fami\u00adli\u00aden. Mit den Ange\u00ads\u00adtellten des Klo\u00ads\u00adters unter\u00adna\u00adhm P. Pri\u00ador Bene\u00addikt am 8. Juli einen Betri\u00adeb\u00adsa\u00adu\u00ads\u00adflug, der eben\u00adfalls in sei\u00adne fr\u00e4n\u00adki\u00adsc\u00adhe Hei\u00admat f\u00fchr\u00adte. F\u00fcr das Kirc\u00adhe-Put\u00adzen gewann inzwi\u00adsc\u00adhen Frau Rosa Krem\u00ads\u00adre\u00adi\u00adter eine wei\u00adte\u00adre Hel\u00adfe\u00adrin, Frau Anna Eisenk\u00adna\u00adppel aus Sta\u00adu\u00adsac\u00adker, die Mut\u00adter unse\u00adres F\u00e4hr\u00adman\u00adnes. Auch im G\u00e4s\u00adte\u00adbe\u00adre\u00adich (Raum\u00adp\u00adfl\u00adege, K\u00fcc\u00adhe, Ser\u00advi\u00adce) bra\u00aduc\u00adhen wir immer mehr zus\u00e4tz\u00adlic\u00adhe Kr\u00e4f\u00adte und sind froh und dank\u00adbar, wenn hier Frau Spi\u00adel\u00admann und ande\u00adre jewe\u00adils mit gro\u00ad\u00dfer Bere\u00adit\u00adsc\u00adha\u00adft und Ein\u00adsatz\u00adkra\u00adft mitwir\u00adken. Die Bele\u00adgung des G\u00e4s\u00adte\u00adha\u00adu\u00adses ist sehr erfre\u00adu\u00adlich und manc\u00adhen Gru\u00adppen und Ein\u00adzel\u00adg\u00e4s\u00adten mus\u00ads\u00adten wir lei\u00adder eine Absa\u00adge erte\u00adi\u00adlen, da die Zim\u00admer-Kapa\u00adzi\u00adt\u00e4ten nic\u00adht der stark wac\u00adhsen\u00adden Nac\u00adhfra\u00adge gen\u00fcgen k\u00f6n\u00adnen. P. Josef bewe\u00adist immer wie\u00adder aufs neue sein Impro\u00advi\u00adsa\u00adti\u00adon\u00adsta\u00adlent, wenn manc\u00adhe Bele\u00adgun\u00adgen bei wei\u00adtem die eigen\u00adtlic\u00adhe Bet\u00adten\u00adza\u00adhl \u00fcber\u00ads\u00adte\u00adi\u00adgen. Ver\u00adme\u00adhr\u00adte Anfra\u00adgen erre\u00adic\u00adhten uns jewe\u00adils nach der Aus\u00ads\u00adtra\u00adhlung von Fern\u00adse\u00adha\u00aduf\u00adna\u00adhmen \u00fcber unser Klo\u00ads\u00adter \u2014 aber vor allem auch auf\u00adgrund der von Herrn Albert Urban her\u00advo\u00adrra\u00adgend ges\u00adtal\u00adte\u00adten Inter\u00adnet\u00adse\u00adite (http:\/\/www.kloster-weltenburg.de). Immer wie\u00adder spen\u00adden ihr Besuc\u00adher hohes Lob. Com\u00adpu\u00adter hal\u00adten auch ver\u00adme\u00adhrt Ein\u00adzug in unse\u00adre ver\u00adsc\u00adhi\u00ade\u00adde\u00adnen Auf\u00adga\u00adben\u00adbe\u00adre\u00adic\u00adhe. Sie alle wer\u00adden ein\u00adge\u00adric\u00adhtet und for\u00adtla\u00adu\u00adfend betre\u00adut von unse\u00adrem Infor\u00adma\u00adti\u00adker Joac\u00adhim Gabler, der sich auch gedul\u00addig der vie\u00adlen Fra\u00adgen und Pro\u00adble\u00adme der PC-Neu\u00adl\u00adinge annimmt. Sei\u00adne Mut\u00adter, Frau Hei\u00addi Gabler, k\u00fcm\u00admert sich wei\u00adter\u00adhin um die Bibli\u00adot\u00adhek und schult nic\u00adht nur unse\u00adre drei Bibli\u00adot\u00adhe\u00adk\u00adare, son\u00addern zwe\u00adi\u00admal j\u00e4hr\u00adlich auch ande\u00adre in kirc\u00adhlic\u00adhen Bibli\u00adot\u00adhe\u00adken t\u00e4t\u00adige Per\u00adso\u00adnen in unse\u00adrem Haus. Wir sind auch froh und dank\u00adbar, dass unser Obl\u00adate Fr. Bern\u00adhard (Wolf\u00adgang) Perc\u00adher\u00adma\u00adi\u00ader aus M\u00fcnc\u00adhen mehr\u00admals im Jahr zur Mit\u00adhil\u00adfe gekom\u00admen ist. Mit Umsic\u00adht orga\u00adni\u00adsi\u00ader\u00adte er auch geme\u00adin\u00adsam mit Pr\u00e4fekt Dia\u00adkon Este\u00adrer f\u00fcr sei\u00adne Mari\u00ada\u00adni\u00adsc\u00adhe M\u00e4n\u00adner-Kon\u00adgre\u00adga\u00adti\u00adon vom B\u00fcr\u00adger\u00adsa\u00adal in M\u00fcnc\u00adhen die Exer\u00adzi\u00adti\u00aden, die Abt Tho\u00admas f\u00fcr die Soda\u00adlen und ihre Ehe\u00adfra\u00adu\u00aden zu Chri\u00ads\u00adti Him\u00admel\u00adfa\u00adhrt (6.\u201310. Mai) gehal\u00adten hat. Er war den Teil\u00adne\u00adhmern bere\u00adits bekannt, weil er im ver\u00adgan\u00adge\u00adnen Jahr zum Hau\u00adpt\u00adfest das Pon\u00adtifi\u00adka\u00adlamt mit Pre\u00addigt und Andac\u00adht in M\u00fcnc\u00adhen gehal\u00adten&nbsp;hatte.<\/p>\n<p style=\"text-align: justify;\">Vier bei uns t\u00e4t\u00adige und gesc\u00adh\u00e4tz\u00adte M\u00e4n\u00adner ver\u00ads\u00adtar\u00adben im Beric\u00adhts\u00adja\u00adhr. Herrn Max Luga\u00adu\u00ader (64) aus Aben\u00ads\u00adberg, der jahre\u00adlang als Schre\u00adi\u00adner der Fir\u00adma Schmid in allen Bere\u00adic\u00adhen des Klo\u00ads\u00adters t\u00e4tig war, war nur eine sehr kur\u00adze Zeit des Ruhe\u00ads\u00adtan\u00addes geg\u00f6nnt. Am 8. Juni end\u00adete nach lan\u00adger Krank\u00adhe\u00adit sein irdi\u00adsc\u00adher Pil\u00adge\u00adrweg. In Lup\u00adburg ver\u00ads\u00adtarb am 28. Juli Herr Karl Men\u00adner (53), Res\u00adta\u00adu\u00adra\u00adtor bei der Fir\u00adma Pre\u00adis, der \u2014 schon von sei\u00adner schwe\u00adren Krank\u00adhe\u00adit geze\u00adic\u00adhnet \u2014 die Res\u00adta\u00adu\u00adri\u00ade\u00adrung der Hoc\u00adhal\u00adtar-Figu\u00adren noch vol\u00adlen\u00adden konn\u00adte. P. Leo\u00adpold tra\u00adu\u00adert um die bei\u00adden Rec\u00adhnung\u00ads\u00adpr\u00fcfer der HVHS, Herr Dipl. Ing Thi\u00adel und Herr Dr. Raa\u00adbe, die kurz hin\u00adte\u00adre\u00adi\u00adnan\u00adder ver\u00ads\u00adtar\u00adben. Ein tra\u00adgi\u00adsc\u00adher Tode\u00ads\u00adfall ere\u00adi\u00adg\u00adn\u00adete sich am 12. Juli in unse\u00adrem Klo\u00ads\u00adter\u00adgar\u00adten. Von einer Behin\u00adder\u00adten-Gru\u00adppe wur\u00adde ein Mann als ver\u00admisst gemel\u00addet, als er nic\u00adht zur Abfa\u00adhrt des Rei\u00adse\u00adbus\u00adses zur Stel\u00adle war. Die Feu\u00ade\u00adrwe\u00adhr suc\u00adhte wei\u00adtr\u00e4u\u00admig das Gel\u00e4n\u00adde im und um das Klo\u00ads\u00adter ab. Nach eini\u00adger Zeit wur\u00adde die Leic\u00adhe des Verun\u00adgl\u00fcck\u00adten gefun\u00adden, der vom Fra\u00adu\u00aden\u00adberg herab\u00adge\u00ads\u00adt\u00fcrzt war. Die\u00adser und aller uns gemel\u00adde\u00adten Ver\u00ads\u00adtor\u00adbe\u00adnen gedac\u00adhten wir im Gebet: M\u00f6gen sie ruhen in Got\u00adtes Frieden.<\/p>\n<p style=\"text-align: justify;\">Am 8. Okt\u00adober fand die Mit\u00adgli\u00ade\u00adder\u00adver\u00adsammlung des \u201cVere\u00adins der Fre\u00adun\u00adde der Bene\u00addik\u00adti\u00adne\u00adrab\u00adtei Wel\u00adten\u00adburg\u201d statt, bei der in die\u00adsem Jahr auch Neu\u00adwa\u00adhlen anstan\u00adden. 1. Vor\u00adsit\u00adzen\u00adder Lan\u00addrat Dr. Hubert Fal\u00adter\u00adme\u00adi\u00ader, 2. Vor\u00adsit\u00adzen\u00adder Abt Tho\u00admas, Schatz\u00adme\u00adi\u00ads\u00adter Direk\u00adtor Oswald Fre\u00adidl und Schri\u00adft\u00adf\u00fchrer Anton R\u00f6hrl wur\u00adden in ihren \u00c4mtern durch die Mit\u00adgli\u00ade\u00adder best\u00e4tigt.<\/p>\n<p style=\"text-align: justify;\">Nic\u00adht nur Tou\u00adri\u00ads\u00adten-Gru\u00adppen, ein\u00adzel\u00adne Aus\u00adfl\u00fcgler, Tagung\u00ads\u00adte\u00adil\u00adne\u00adhmer usw. kom\u00admen zum Klo\u00ads\u00adter. Auch der Kon\u00advent bekommt immer wie\u00adder per\u00ads\u00f6n\u00adlic\u00adhe G\u00e4s\u00adte. Ein\u00adige m\u00f6c\u00adhten wir an die\u00adser Stel\u00adle nen\u00adnen: Am 9. Janu\u00adar besuc\u00adhte Herr Regi\u00ade\u00adrung\u00ads\u00adpr\u00e4s\u00adident Dr. Wal\u00adter Zit\u00adzel\u00adsber\u00adger mit Gat\u00adtin die Abtei, um sich per\u00ads\u00f6n\u00adlich ein Bild vom Fort\u00adgang der Reno\u00advi\u00ade\u00adrun\u00adgen zu mac\u00adhen. Eben\u00adfalls im Janu\u00adar war Altabt Emme\u00adram aus Met\u00adten mit Abt Edel\u00adbert aus Ettal und Altabt Bern\u00adhard aus Sche\u00adyern zu Gast. Wir gra\u00adtu\u00adli\u00ader\u00adten ihm noch nac\u00adhtr\u00e4glich zu sei\u00adnem 30. Abt\u00adswe\u00adi\u00adhe\u00adtag. Tags dara\u00aduf besuc\u00adhte uns Kel\u00adhe\u00adims B\u00fcr\u00adger\u00adme\u00adi\u00ads\u00adter Heinz Reic\u00adhe. Bei der Kom\u00admu\u00adna\u00adlwa\u00adhl mus\u00ads\u00adte er sein Amt an Fritz Matt\u00adhes abg\u00adeben. Am 16. M\u00e4rz kam Abt Alku\u00adin aus Han\u00adgar, Tan\u00adsa\u00adnia. Im April fand bei uns das \u201cKle\u00adi\u00adne \u00c4bte\u00adtref\u00adfen\u201d statt, bei dem Rohr, Plank\u00ads\u00adtet\u00adten, Sche\u00adyern und Nie\u00adde\u00adral\u00adta\u00adich ver\u00adtre\u00adten waren. Im April kam Bisc\u00adhof Paul Iby mit zahl\u00adre\u00adic\u00adhen Pri\u00ade\u00ads\u00adtern sei\u00adnes Bis\u00adtums Eisen\u00adstadt zu einem Kurz\u00adbe\u00adsuch. Am 1. Mai war unser Klo\u00ads\u00adter Ziel eines Aus\u00adflu\u00adges der deut\u00adsc\u00adhs\u00adprac\u00adhi\u00adgen Kapu\u00adzi\u00adner-Pro\u00advin\u00adzi\u00ada\u00adle, die in Eic\u00adhs\u00adt\u00e4tt tag\u00adten. Ihre Novi\u00adzen (vier an der Zahl) folg\u00adten Ende Sep\u00adtem\u00adber. Viel Pro\u00admi\u00adnenz kam zur Er\u00f6ffnung der zwe\u00adi\u00adten Aus\u00ads\u00adtel\u00adlung zeit\u00adge\u00adn\u00f6s\u00adsi\u00adsc\u00adher Kunst \u201cWel\u00adten\u00adbur\u00adger Spu\u00adren\u201d, die Herr Regi\u00ade\u00adrung\u00ads\u00adpr\u00e4s\u00adident Dr. Wal\u00adter Zit\u00adzel\u00adsber\u00adger am 19. Juli in Anwe\u00adsen\u00adhe\u00adit zahl\u00adre\u00adic\u00adher G\u00e4s\u00adte und Kun\u00adst\u00adfre\u00adun\u00adde er\u00f6ffn\u00adete. Der Vere\u00adin \u201cAus\u00adtel\u00adlungs\u00adha\u00adus f\u00fcr chri\u00ads\u00adtlic\u00adhe Kunst e.V.\u201d, M\u00fcnc\u00adhen, und die BMW AG Werk Regen\u00ads\u00adburg erm\u00f6glic\u00adhten die\u00adses Pro\u00adjekt durch eine gro\u00ad\u00dfz\u00fcg\u00adige finan\u00adzi\u00adel\u00adle F\u00f6r\u00adde\u00adrung. Ihnen sei auch an die\u00adser Stel\u00adle herz\u00adlich gedankt. Die \u201cWel\u00adten\u00adbur\u00adger Spu\u00adren\u201d 2002\/2003 ste\u00adhen unter dem Thema \u201cTugen\u00adden \u2014 Wer\u00adte \u2014 Wan\u00addel\u201d, zu dem am 8. Okt\u00adober auch eine anre\u00adg\u00adende Podi\u00adums\u00addi\u00ads\u00adkus\u00adsi\u00adon im Fest\u00adsa\u00adal statt\u00adfand. Den Ansto\u00df zu die\u00adser The\u00adme\u00adnwa\u00adhl gab der 200. Gedenk\u00adtag der S\u00e4ku\u00adla\u00adri\u00adsa\u00adti\u00adon im kom\u00admen\u00adden Jahr. Die mei\u00ads\u00adten Expo\u00adn\u00adate sind noch bis 2003 zu sehen. Beson\u00adders ver\u00addi\u00adent gemac\u00adht um die Aus\u00ads\u00adtel\u00adlung hat sich der Bild\u00adha\u00adu\u00ader Alfred B\u00f6sc\u00adhl aus Adl\u00adha\u00adu\u00adsen durch Idee, Kon\u00adze\u00adpt und Orga\u00adni\u00adsa\u00adti\u00adon. Sein Werk ist inzwi\u00adsc\u00adhen beli\u00adeb\u00adtes Foto\u00adob\u00adjekt der Tou\u00adri\u00ads\u00adten gewor\u00adden. Es zeigt vor der Kirc\u00adhen\u00adfas\u00ads\u00adade auf einem sec\u00adhs Meter hohen Baum\u00ads\u00adtamm Abt Mau\u00adrus B\u00e4c\u00adhl, den Erba\u00adu\u00ader der Asam-Kirche.<\/p>\n<p style=\"text-align: justify;\">Am 16. Janu\u00adar hat\u00adte Papst Johan\u00adnes Paul II. das R\u00fcck\u00adtritt\u00ads\u00adge\u00adsuch unse\u00adres Di\u00f6ze\u00adsan\u00adbi\u00adsc\u00adhofs Man\u00adfred M\u00fcl\u00adler ange\u00adnom\u00admen. Wei\u00adhbi\u00adsc\u00adhof Vin\u00adzenz Gug\u00adgen\u00adber\u00adger wur\u00adde zum Di\u00f6ze\u00adsa\u00adnad\u00admi\u00adni\u00ads\u00adtra\u00adtor gew\u00e4hlt. Seit\u00adher bete\u00adten wir oft in den F\u00fcr\u00adbit\u00adten und beim abend\u00adlic\u00adhen Rosen\u00adkranz um einen guten neu\u00aden Bisc\u00adhof. In der gle\u00adic\u00adhen Inten\u00adti\u00adon hiel\u00adten wir auch mehr\u00admals das Kon\u00adven\u00adtamt. Am 1. Okt\u00adober l\u00e4u\u00adte\u00adten dann nach dem mit\u00adt\u00e4glic\u00adhen \u201cAnge\u00adlus Domi\u00adni\u201d eine Vier\u00adtel\u00adstun\u00adde s\u00e4m\u00adtlic\u00adhe Gloc\u00adken. In Rom und Regen\u00ads\u00adburg wur\u00adde ver\u00adk\u00fcn\u00addet, da\u00df der Papst Pr\u00e4lat Prof. Dr. Ger\u00adhard Ludwig M\u00fcl\u00adler zum neu\u00aden Bisc\u00adhof von Regen\u00ads\u00adburg ernannt hat. Der Ernann\u00adte war seit 1986 Pro\u00adfes\u00adsor f\u00fcr Dog\u00adma\u00adtik an der Theo\u00adlo\u00adgi\u00adsc\u00adhen Fakul\u00adt\u00e4t der Ludwig-Maxi\u00admi\u00adli\u00adan-Uni\u00adver\u00adsi\u00adt\u00e4t in M\u00fcnc\u00adhen. Er bere\u00adi\u00adt\u00adete sich im Novem\u00adber eine Woc\u00adhe in unse\u00adrem Kon\u00advent auf die Bisc\u00adhof\u00adswe\u00adi\u00adhe am Chri\u00adst\u00adk\u00f6nigs\u00adsonn\u00adtag, 24. Novem\u00adber, vor. In die\u00adsen Tagen ver\u00adfas\u00ads\u00adte er auch sei\u00adnen ers\u00adten Hir\u00adten\u00adbri\u00adef. Die Gl\u00e4u\u00adbi\u00adgen unse\u00adres Bis\u00adtums Regen\u00ads\u00adburg wer\u00adden ihn am ers\u00adten Advent h\u00f6ren. Des\u00adhalb erin\u00adnert Bisc\u00adhof Ger\u00adhard Ludwig darin an die \u201cAnkun\u00adft Got\u00adtes in unse\u00adrem Her\u00adzen, in unse\u00adren Fami\u00adli\u00aden, Geme\u00adin\u00adden und Geme\u00adin\u00adsc\u00adha\u00adf\u00adten. Im Advent sol\u00adlen wir uns ver\u00adti\u00ade\u00adft dar\u00fcber Gedan\u00adken mac\u00adhen, was die Ankun\u00adft Got\u00adtes in der Welt f\u00fcr uns Chri\u00ads\u00adten und f\u00fcr alle Men\u00adsc\u00adhen bede\u00adu\u00adtet. Die Fro\u00adhe Bot\u00adsc\u00adha\u00adft vom Sohn Got\u00adtes, der f\u00fcr uns Men\u00adsch wur\u00adde, ist das sch\u00f6n\u00adste Gesc\u00adhenk, das wir unse\u00adren Mit\u00admen\u00adsc\u00adhen mac\u00adhen k\u00f6nnen.\u201d<\/p>\n<p style=\"text-align: justify;\">Die\u00adse Wor\u00adte unse\u00adres neu\u00aden Bisc\u00adhofs m\u00f6gen nic\u00adht nur uns im Bis\u00adtum Regen\u00ads\u00adburg, son\u00addern Sie alle, die mit unse\u00adrem Kon\u00advent ver\u00adbun\u00adden sind, ermu\u00adti\u00adgen und ermun\u00adtern. In die\u00adsem Sin\u00adne w\u00fcn\u00adsc\u00adhen wir Ihnen einen gese\u00adg\u00adne\u00adten Advent, ein fro\u00adhes Wei\u00adhnac\u00adht\u00ads\u00adfest und Got\u00adtes Schutz und Gele\u00adit durch das neue&nbsp;Jahr,<\/p>\n<p style=\"text-align: justify;\">Ihre Bene\u00addik\u00adti\u00adner von Weltenburg<\/p>\n<\/div>\n<\/div>\n<\/div>\n","protected":false},"excerpt":{"rendered":"<p>Advent 2001 \u2014 Advent 2002 Vor einem Jahr konn\u00adten wir an die\u00adser Stel\u00adle auf die neu reno\u00advi\u00ader\u00adte Figu\u00ad\u00adren-Gru\u00ad\u00adppe des Drac\u00adhen\u00adkam\u00adp\u00adfes des hl. Georg am Hoc\u00adhal\u00adtar unse\u00adrer Abte\u00adi\u00adkirc\u00adhe hinwe\u00adi\u00adsen. Es bli\u00adeb nic\u00adht viel Zeit, die\u00adses Kun\u00adstwerk zu bewun\u00addern. Schon bald wur\u00adde der gan\u00adze Alta\u00adrra\u00adum ein\u00adge\u00adr\u00fcs\u00adtet, um die Res\u00adta\u00adu\u00adri\u00ade\u00adrung der Fre\u00ads\u00adken, des Alta\u00adra\u00adus\u00adzu\u00adges und der Raum\u00adsc\u00adha\u00adle durchzuf\u00fchren.&nbsp;\u2026&nbsp;<\/p>\n<p class=\"link-more\"><a href=\"https:\/\/www.kloster-weltenburg.de\/eo\/2003\/12\/01\/jahresbericht-2002\/\" class=\"more-link\">Con\u00adti\u00adnue rea\u00adding<span class=\"screen-reader-text\"> \u201cJahre\u00ads\u00adbe\u00adric\u00adht&nbsp;2002\u201d<\/span><\/a><\/p>\n","protected":false},"author":2,"featured_media":0,"comment_status":"closed","ping_status":"open","sticky":false,"template":"","format":"standard","meta":{"wp_typography_post_enhancements_disabled":false,"ngg_post_thumbnail":0,"footnotes":""},"categories":[36],"tags":[],"class_list":["post-247","post","type-post","status-publish","format-standard","hentry","category-jahresberichte"],"_links":{"self":[{"href":"https:\/\/www.kloster-weltenburg.de\/eo\/wp-json\/wp\/v2\/posts\/247","targetHints":{"allow":["GET"]}}],"collection":[{"href":"https:\/\/www.kloster-weltenburg.de\/eo\/wp-json\/wp\/v2\/posts"}],"about":[{"href":"https:\/\/www.kloster-weltenburg.de\/eo\/wp-json\/wp\/v2\/types\/post"}],"author":[{"embeddable":true,"href":"https:\/\/www.kloster-weltenburg.de\/eo\/wp-json\/wp\/v2\/users\/2"}],"replies":[{"embeddable":true,"href":"https:\/\/www.kloster-weltenburg.de\/eo\/wp-json\/wp\/v2\/comments?post=247"}],"version-history":[{"count":2,"href":"https:\/\/www.kloster-weltenburg.de\/eo\/wp-json\/wp\/v2\/posts\/247\/revisions"}],"predecessor-version":[{"id":333,"href":"https:\/\/www.kloster-weltenburg.de\/eo\/wp-json\/wp\/v2\/posts\/247\/revisions\/333"}],"wp:attachment":[{"href":"https:\/\/www.kloster-weltenburg.de\/eo\/wp-json\/wp\/v2\/media?parent=247"}],"wp:term":[{"taxonomy":"category","embeddable":true,"href":"https:\/\/www.kloster-weltenburg.de\/eo\/wp-json\/wp\/v2\/categories?post=247"},{"taxonomy":"post_tag","embeddable":true,"href":"https:\/\/www.kloster-weltenburg.de\/eo\/wp-json\/wp\/v2\/tags?post=247"}],"curies":[{"name":"wp","href":"https:\/\/api.w.org\/{rel}","templated":true}]}}