{"id":245,"date":"2001-12-02T21:04:44","date_gmt":"2001-12-02T20:04:44","guid":{"rendered":"http:\/\/abtei.kloster-weltenburg.de\/?p=245"},"modified":"2020-06-04T20:52:20","modified_gmt":"2020-06-04T18:52:20","slug":"jahresbericht-2001","status":"publish","type":"post","link":"https:\/\/www.kloster-weltenburg.de\/fr\/2001\/12\/02\/jahresbericht-2001\/","title":{"rendered":"Jahresbericht 2001"},"content":{"rendered":"<h3 style=\"text-align: justify;\">Advent 2000 \u2013 Advent 2001<\/h3>\n<p style=\"text-align: justify;\">\u00ab&nbsp;Die Hei\u00adli\u00adgen kom\u00admen wie\u00adder.&nbsp;\u00bb Unter die\u00adsem Titel wurde vor \u00fcber 25 Jah\u00adren ein Buch \u00fcber die Hei\u00adli\u00adgen und ihre Vereh\u00adrung ver\u00f6f\u00adfent\u00adlicht. In die\u00adsem Jahr k\u00f6n\u00adnen wir die\u00adsen Buch\u00adti\u00adtel sehr w\u00f6rt\u00adlich neh\u00admen und ihn \u00fcber den Hochal\u00adtar unse\u00adrer Kirche schrei\u00adben. Fast drei Jahre zeig\u00adten sich zahl\u00adreiche Besu\u00adcher der Abtei\u00adkirche entt\u00e4u\u00adscht, als sie bei ihrem Betre\u00adten den gesam\u00adten Hochal\u00adtar ein\u00adger\u00fcs\u00adtet fan\u00adden. Ledi\u00adglich ein rie\u00adsiges Foto deu\u00adtete an, was sonst hin\u00adter den Abde\u00adckun\u00adgen zu sehen war. Im Okto\u00adber war es nach fast drei Jahre dauern\u00adden Arbei\u00adten so weit. Die Vorh\u00e4nge konn\u00adten abge\u00adnom\u00admen und dann auch das Ger\u00fcst abge\u00adbaut wer\u00adden. St. Georg, der Drache und die Prin\u00adzes\u00adsin ers\u00adtrah\u00adlen in neuem Glanz. Auf\u00admerk\u00adsame Beo\u00adbach\u00adter k\u00f6n\u00adnen auch gleich Ver\u00e4n\u00adde\u00adrun\u00adgen gegen\u00fc\u00adber dem fr\u00fc\u00adhe\u00adren Aus\u00adse\u00adhen fests\u00adtel\u00adlen. Man hat bei der jet\u00adzi\u00adgen Res\u00adtau\u00adrie\u00adrung die Ori\u00adgi\u00adnal\u00adfas\u00adsung von Egid Qui\u00adrin Asam wie\u00adder her\u00adges\u00adtellt. Am auff\u00e4l\u00adlig\u00adsten ist das bei den bei\u00adden Assis\u00adtenz\u00adfi\u00adgu\u00adren St. Mar\u00adtin und St. Mau\u00adrus zu beo\u00adbach\u00adten. Die fr\u00fc\u00adher Gold gefass\u00adten Figu\u00adren erschei\u00adnen nun in elfen\u00adbein\u00adfar\u00adbe\u00adnem Wei\u00df. Die Lei\u00adtung der Ma\u00df\u00adnahme lag in der Hand des Staat\u00adli\u00adchen Hoch\u00adbauamtes Land\u00adshut unter fachli\u00adcher Bera\u00adtung durch das Baye\u00adrische Lan\u00adde\u00adsamt f\u00fcr Denk\u00admalp\u00adflege. Die Arbei\u00adten f\u00fchrte die Fir\u00adma Preis et Preis aus Pars\u00adberg aus. Federf\u00fch\u00adrend vor Ort war vor allem Herr Res\u00adtau\u00adra\u00adtor Karl Men\u00adner. Die H\u00e4lfte der Kos\u00adten wurde von der PRO\u00adJU\u00adVIS-Stif\u00adtung \u00fcber\u00adnom\u00admen, wof\u00fcr Herrn Dicker und den Mit\u00adglie\u00addern seines Stif\u00adtungs\u00adrates unser aufrich\u00adti\u00adger und tief emp\u00adfun\u00adde\u00adner Dank gilt. Die andere H\u00e4lfte wurde durch den Freis\u00adtaat Bayern finan\u00adziert. Lei\u00adder wird die Freude \u00fcber den freien Blick nicht lange w\u00e4h\u00adren. F\u00fcr den n\u00e4chs\u00adten Res\u00adtau\u00adrie\u00adrung\u00adsab\u00adsch\u00adnitt wird Anfang des neuen Jahres 2002 der Altar\u00adraum bald ein\u00adger\u00fcs\u00adtet. Voraus\u00adsicht\u00adlich wer\u00adden sich die Arbei\u00adten bis zum Jahre 2007 in meh\u00adre\u00adren Bauab\u00adsch\u00adnit\u00adten von vorne nach hin\u00adten im Kir\u00adchen\u00adraum hin\u00adzie\u00adhen. Eben\u00adso beginnt im kom\u00admen\u00adden Jahr die Sanie\u00adrung der Dach\u00adkons\u00adtruk\u00adtion ein\u00adschlie\u00df\u00adlich der Dach\u00adde\u00adckung sowie der Fas\u00adsa\u00adden der Abteikirche.<\/p>\n<p style=\"text-align: justify;\">Die Sub\u00adstanz\u00adsi\u00adche\u00adrung und Res\u00adtau\u00adrie\u00adrung des Kon\u00advent\u00adgeb\u00e4udes geht z\u00fcgig voran. An den Au\u00dfen\u00adfas\u00adsa\u00adden und den D\u00e4chern zeig\u00adten sich umfan\u00adgreiche Sch\u00e4\u00adden. Der Ost\u00adfl\u00fc\u00adgel und ein Drit\u00adtel des Nord\u00adfl\u00fc\u00adgels sind nun fer\u00adtig. F\u00fcr den Ost\u00adfl\u00fc\u00adgel bes\u00adteht eine staat\u00adliche Bau\u00adlast, da er nach der S\u00e4ku\u00adla\u00adri\u00adsa\u00adtion als Pfar\u00adrhof diente. Mit der Archi\u00adtek\u00adten\u00adleis\u00adtung und der Bau\u00adlei\u00adtung wurde sowohl vom Staat\u00adli\u00adchen Hoch\u00adbauamt als auch von der Abtei Herr Arnulf Magerl, Ober\u00adtrau\u00adbing, beauf\u00adtragt. So wis\u00adsen wir die Bew\u00e4l\u00adti\u00adgung die\u00adser umfan\u00adgrei\u00adchen Ma\u00df\u00adnahme wie\u00adder in kom\u00adpe\u00adten\u00adten H\u00e4n\u00adden, die sich bei fr\u00fc\u00adhe\u00adren Pro\u00adjek\u00adten schon bew\u00e4hrt haben. Weit\u00adge\u00adhend konn\u00adten die Arbei\u00adten an hei\u00admische Fir\u00admen aus unse\u00adrer Umge\u00adbung ver\u00adge\u00adben wer\u00adden. Im April began\u00adnen die Vorar\u00adbei\u00adten im Klos\u00adter\u00adgar\u00adten. Anfang Mai muss\u00adten diese vor\u00fc\u00adber\u00adge\u00adhend kurz ein\u00adges\u00adtellt wer\u00adden, da beim Errich\u00adten der Baus\u00adtra\u00dfe Ske\u00adlet\u00adtreste gefun\u00adden wur\u00adden. An die\u00adser Stelle \u00f6st\u00adlich der Apsis der Kirche befand sich fr\u00fc\u00adher der Klos\u00adter\u00adfried\u00adhof. Die Gebeine wur\u00adden nach einer Pr\u00fc\u00adfung durch Arch\u00e4o\u00adlo\u00adgen in der Gruft an der S\u00fcd\u00adseite der Kirche bei\u00adge\u00adsetzt. Eine wei\u00adtere Verz\u00f6\u00adge\u00adrung gab es im Juli. Ein schwe\u00adrer Sturm, der in Kel\u00adheim ein Tode\u00adsop\u00adfer for\u00adderte, zog eine Spur der Verw\u00fcs\u00adtung durch ganz S\u00fcd\u00addeut\u00adschland&nbsp;; dabei wur\u00adden die Pla\u00adnen des Schutz\u00addaches weg\u00adge\u00adris\u00adsen, so da\u00df Regen\u00adwas\u00adser durch die Stu\u00adck\u00addecke in die Biblio\u00adthek ein\u00addrang. Ange\u00adsichts sol\u00adcher Was\u00adser\u00adsch\u00e4\u00adden von oben sind wir froh, dass nun end\u00adlich die gro\u00dfen Hoch\u00adwas\u00adser\u00adsch\u00e4\u00adden des Jahres 1999 fast voll\u00adst\u00e4n\u00addig beho\u00adben sind. In die\u00adsem Zusam\u00admen\u00adhang ist auch die Sakris\u00adtei kom\u00adplett reno\u00adviert wor\u00adden. Die Stu\u00adcka\u00adtur und die gro\u00dfen Gem\u00e4lde leuch\u00adten in neuem Glanz. Nach einem etwa zwei\u00adj\u00e4h\u00adri\u00adgem Pro\u00advi\u00adso\u00adrium im Klau\u00adsur\u00adgang der ers\u00adten Etage sind wir mit dem Sakris\u00adtan, P. Josef, froh, wie\u00adder die Sakris\u00adtei nut\u00adzen zu k\u00f6nnen.<\/p>\n<p style=\"text-align: justify;\">Auch die Dorf\u00adkirche konnte inz\u00adwi\u00adschen wie\u00adde\u00adrher\u00adges\u00adtellt wer\u00adden. Am Pfing\u00adsmon\u00adtag weihte Abt Tho\u00admas den neuen Volk\u00adsal\u00adtar aus Kel\u00adhei\u00admer Mar\u00admor, der vom Bild\u00adhauer Mar\u00adkus Wur\u00admer aus Hau\u00adsen gefer\u00adtigt wor\u00adden war. Seit die\u00adsem Tag k\u00f6n\u00adnen P. Josef, P. Gre\u00adgor und P. Ste\u00adphan dort wie\u00adder Got\u00adtes\u00addienste feiern. Aller\u00addings muss\u00adten die Au\u00dfe\u00adnar\u00adbei\u00adten am Turm noch fort\u00adge\u00adsetzt wer\u00adden, so dass erst zum Kirch\u00adweih\u00adfest im Okto\u00adber der Abschluss der Reno\u00advie\u00adrun\u00adgen gefeiert wer\u00adden konnte. Eine wei\u00adtere Altar\u00adkon\u00adse\u00adkra\u00adtion nahm Abt Tho\u00admas nach Ende der mehr\u00adj\u00e4h\u00adri\u00adgen Reno\u00advie\u00adrun\u00adgen am Christk\u00f6\u00adnig\u00adssonn\u00adtag, 25.XI., in der Filial\u00adkirche Ober\u00adscham\u00adbach vor, die von P. Tho\u00admas und P. Eus\u00adta\u00adsius betreut wird. Beide arbei\u00adten daran, die Seel\u00adsorge der bisher unabh\u00e4n\u00adgig exis\u00adtie\u00adren\u00adden Pfar\u00adrei Teuer\u00adting und der Expo\u00adsi\u00adtur Ein\u00admu\u00df (jeweils mit ihren Filial\u00adge\u00admein\u00adden) st\u00e4r\u00adker zusam\u00admen\u00adzuf\u00fch\u00adren. F\u00fcr diese war es eben\u00adfalls schon die zweite Altar\u00adweihe in die\u00adsem Jahr. Weih\u00adbi\u00adschof Vin\u00adzenz Gug\u00adgen\u00adber\u00adger hatte den neuen Volk\u00adsal\u00adtar in der Filial\u00adkirche Unter\u00adwend\u00adling geweiht. Wei\u00adtere Res\u00adtau\u00adrie\u00adrung\u00adsar\u00adbei\u00adten gibt es der\u00adzeit in der Filial\u00adkirche Reis\u00adsing sowie in Thal\u00addorf, wo P. Prior Bene\u00addikt regelm\u00e4\u00dfig die Sonn\u00adtag\u00adsgot\u00adtes\u00addienste h\u00e4lt. Ange\u00adsichts so vie\u00adler Bau\u00adma\u00df\u00adnah\u00admen sp\u00f6t\u00adteln manche und deu\u00adten die Orden\u00adsabk\u00fcr\u00adzung \u00ab&nbsp;OSB&nbsp;\u00bb mit \u00ab&nbsp;Oh, sie&nbsp;bauen.&nbsp;\u00bb<\/p>\n<p style=\"text-align: justify;\">Wich\u00adti\u00adger sind aber die \u00ab&nbsp;Arbei\u00adten&nbsp;\u00bb am Gemein\u00adschafts\u00adle\u00adben. Wir began\u00adnen das neue Jahr 2001 wie\u00adder mit der geist\u00adli\u00adchen Zur\u00fcs\u00adtung in den Kon\u00adven\u00adtexer\u00adzi\u00adtien. Darin beglei\u00adtete uns der Altabt von Ger\u00adleve, Dr. Cle\u00admens Schmeing, der jetzt Spi\u00adri\u00adtual bei den Mit\u00adsch\u00adwes\u00adtern in Eibin\u00adgen ist. Den Abschluss bil\u00addete die Gel\u00fcb\u00addeer\u00adneue\u00adrung in der ers\u00adten Ves\u00adper vom Hoch\u00adfest der Erschei\u00adnung des Herrn. Nach die\u00adser konn\u00adten wir unse\u00adren Kan\u00addi\u00adda\u00adten Neven Grgic eink\u00adlei\u00adden. Er w\u00e4hlte sich den in sei\u00adner Hei\u00admat Kroa\u00adtien sehr verehr\u00adten hl. Anto\u00adnius von Padua zum neuen Namens\u00adpa\u00adtron. Am 18.IV. starb nach schwe\u00adrer Kran\u00adkheit seine Mut\u00adter, Wil\u00adma Tro\u00adgr\u00adlic&nbsp;; Fr. Rupert beglei\u00adtete ihn zur Beerdigung.<\/p>\n<p style=\"text-align: justify;\">Nicht nur im Novi\u00adziat gab es Zuwachs, son\u00addern auch in der Gemein\u00adschaft der Wel\u00adto\u00adbla\u00adten. Am 22.IX. wurde nach Been\u00addi\u00adgung des Pro\u00adbe\u00adjahres Frau Mar\u00adga\u00adrete Stau\u00addi\u00adgl, W\u00fcrz\u00adburg, endg\u00fcl\u00adtig auf\u00adge\u00adnom\u00admen. Als Patro\u00adnin w\u00e4hlte sie sich die hl. Maria Magdalena.<\/p>\n<p style=\"text-align: justify;\">Zum Tag des gott\u00adge\u00adweih\u00adten Lebens waren am 4.II. alle Ordens\u00adleute des Bis\u00adtums zu einer feier\u00adli\u00adchen Ves\u00adper mit Pre\u00addigt des Di\u00f6\u00adze\u00adsan\u00adbi\u00adschofs in den Dom ein\u00adge\u00adla\u00adden. Als Vors\u00e4n\u00adger fun\u00adgierte eine zu die\u00adsem Anlass gebil\u00addete Scho\u00adla von M\u00f6n\u00adchen unseres Klos\u00adters und der Nach\u00adba\u00adrab\u00adtei Rohr. Der Dom war gut gef\u00fcllt und alle waren anschlie\u00dfend zu einem Imbiss bei den Schul\u00adsch\u00adwes\u00adtern ein\u00adge\u00adla\u00adden, um die M\u00f6gli\u00adch\u00adkeit der Bege\u00adgnung zu&nbsp;haben.<\/p>\n<p style=\"text-align: justify;\">Am 5.III. konn\u00adten wir den 75. Geburts\u00adtag von P. Cle\u00admens gemein\u00adsam mit einer Abord\u00adnung sei\u00adner fr\u00fc\u00adhe\u00adren Pfar\u00adrei Teuer\u00adting bege\u00adhen. Von den drei\u00adzehn M\u00f6n\u00adchen im Haus ist er unser Senior. Er \u00fcber\u00adnimmt noch Seel\u00adsorg\u00adsau\u00adshil\u00adfen und arbei\u00adtet au\u00dfe\u00adrhalb der Tou\u00adris\u00adten-Sai\u00adson im Klos\u00adter\u00adla\u00adden&nbsp;mit.<\/p>\n<p style=\"text-align: justify;\">Am Bene\u00addik\u00adtus-Fest, dem 11.VII. feier\u00adten wir das Sil\u00adberne Abts\u00adju\u00adbil\u00e4um von Altabt Tho\u00admas. Im abend\u00adli\u00adchen Pon\u00adti\u00adfi\u00adka\u00adlamt hielt Abt\u00adpr\u00e4ses Dr. Gre\u00adgor Zasche die Fest\u00adpre\u00addigt. Anschlie\u00dfend war ein gem\u00fct\u00adliches Bei\u00adsam\u00admen\u00adsein mit den zahl\u00adrei\u00adchen G\u00e4s\u00adten und den Gl\u00e4u\u00adbi\u00adgen aus den vom Klos\u00adter betreu\u00adten Gemein\u00adden im Klos\u00adte\u00adrhof bei Bier und Brezen.<\/p>\n<p style=\"text-align: justify;\">Von den G\u00e4s\u00adten, die im Laufe des Jahres unser Klos\u00adter besuch\u00adten, seien einige beson\u00adders genannt. Am 5.IV. traf sich Di\u00f6\u00adze\u00adsan\u00adbi\u00adschof Man\u00adfred M\u00fcl\u00adler mit dem Baye\u00adri\u00adschen Pres\u00adse\u00adclub in Wel\u00adten\u00adburg. An der Feier seines 75. Geburts\u00adtages am 15.XI. nahm Abt Tho\u00admas am Pon\u00adti\u00adfi\u00adka\u00adlamt im Hohen Dom in Regens\u00adburg teil. Am 3.V. besuchte uns Weih\u00adbi\u00adschof Cor\u00adne\u00adliu Oni\u00adla aus Rum\u00e4\u00adnien. Drei mal kamen Bisch\u00f6fe aus S\u00fcda\u00adfri\u00adka zu Besuch, die aus dem Bis\u00adtum Regens\u00adburg stam\u00admen\u00adden Oswald Hir\u00admer (Umta\u00adta) und Hubert Bucher (Beth\u00adle\u00adhem) sowie der Fran\u00adzis\u00adka\u00adner Michael Row\u00adland (Dun\u00addec). An den Pries\u00adte\u00adrexer\u00adzi\u00adtien im Novem\u00adber nahm Bischof Vik\u00adtor von Aug\u00adsburg teil. Es war seit sei\u00adnem Besuch als Abt\u00adpri\u00admas am 2.X.1986 sein ers\u00adter Besuch in Wel\u00adten\u00adburg. Aus dem Kreis der \u00c4bte weilte \u00fcber die bew\u00e4hr\u00adten Refe\u00adren\u00adten beim Kom\u00admun\u00adno\u00advi\u00adziat und dem \u00ab&nbsp;Klei\u00adnen \u00c4bte\u00adtref\u00adfen&nbsp;\u00bb hinaus Abt Law\u00adrence aus Ram\u00adsgate (England) einige Tage bei uns. Zwei mal spen\u00adde\u00adten uns Neu\u00adpries\u00adter den Pri\u00admiz\u00adse\u00adgen. Am 8.VI. kam Raphael Schliebs mit meh\u00adre\u00adren Alum\u00adnen aus Pader\u00adborn und am 10.VII. P. David Riedl aus dem Nach\u00adbark\u00adlos\u00adter Rohr, dem Abt Tho\u00admas die Pri\u00admiz\u00adpre\u00addigt bei der Hei\u00admat\u00adpri\u00admiz in Neu\u00adsorg&nbsp;hielt.<\/p>\n<p style=\"text-align: justify;\">Das Kon\u00advent\u00adle\u00adben wurde durch manch wei\u00adtere Erei\u00adgnisse berei\u00adchert, die \u00fcbliche Fasching\u00adsfeier mit Bun\u00adtem Pro\u00adgramm im Mar\u00adtins\u00adsaal, nach der Anschaf\u00adfung eines neuen Trak\u00adtors eine Fahr\u00adzeug\u00adse\u00adgnung mit anschlie\u00dfen\u00adder Brot\u00adzeit im Freien auf dem Buch\u00adhof und am 18.VIII. ein Fu\u00df\u00adball\u00adspiel gegen die Minis\u00adtran\u00adten (es wurde 4:1 gewon\u00adnen \u2013 im R\u00fcck\u00adspiel gab es Revanche&nbsp;: 3:5 verloren).<\/p>\n<p style=\"text-align: justify;\">Das erste Spiel war Bes\u00adtand\u00adteil von zehnt\u00e4\u00adgi\u00adgen TV-Dre\u00adhar\u00adbei\u00adten. Die \u00f6ster\u00adrei\u00adchische \u00ab&nbsp;Tel\u00adlux&nbsp;\u00bb Film\u00adge\u00adsell\u00adschaft ers\u00adtellte f\u00fcr das Baye\u00adrische Fern\u00adse\u00adhen und f\u00fcr das ORF einen 45min\u00fctigen Film \u00fcber unse\u00adren Konvent. Regis\u00adseur Vol\u00adker Schmidt hatte nach \u00f6fte\u00adren inten\u00adsi\u00adven Vor\u00adges\u00adpr\u00e4\u00adchen das Dreh\u00adbuch ges\u00adchrie\u00adben und die Auf\u00adnah\u00admen gelei\u00adtet. Vor\u00adge\u00adse\u00adhene Sen\u00adde\u00adter\u00admine sind Sonn\u00adtag, 23. XII., 16.30 Uhr (Pro\u00adgramm 3 sat), 1.Weihnachtsfeiertag 25.XII, 19.00 Uhr (3. Pro\u00adgramm Baye\u00adrisches Fern\u00adse\u00adhen) und Diens\u00adtag, 5.II.2002, 19.30 Uhr (3. Pro\u00adgramm Baye\u00adrisches Fern\u00adse\u00adhen). Im Rah\u00admen einer Serie \u00fcber Kl\u00f6s\u00adter an der Donau wurde der Film f\u00fcr die Reihe \u00ab&nbsp;Sta\u00adtio\u00adnen&nbsp;\u00bb im Baye\u00adri\u00adschen Fern\u00adse\u00adhen gedreht. Die Sen\u00adde\u00adter\u00admine im \u00d6ster\u00adrei\u00adchi\u00adschen Fern\u00adse\u00adhen sind noch nicht bekannt.<\/p>\n<p style=\"text-align: justify;\">Der dies\u00adj\u00e4h\u00adrige Kon\u00adven\u00adtaus\u00adflug ging am 18.IX. nach Frei\u00adsing. Der Direk\u00adtor des Di\u00f6\u00adze\u00adsan\u00admu\u00adseums, Dr. Stei\u00adner, hielt uns eine umfan\u00adgreiche F\u00fch\u00adrung durch die Son\u00adde\u00adrauss\u00adtel\u00adlung \u00ab&nbsp;St. Georg, der Rit\u00adter mit dem Dra\u00adchen&nbsp;\u00bb. Meh\u00adrere Auf\u00ads\u00e4tze des Kata\u00adlogs mit dem glei\u00adchen Titel dien\u00adten uns sp\u00e4\u00adter als Tischle\u00adsung, die uns unse\u00adren Patron unter ver\u00adschie\u00adde\u00adnen Gesichts\u00adpunk\u00adten neu nahe brach\u00adten. Das Mit\u00adta\u00adges\u00adsen nah\u00admen wir im Br\u00e4ust\u00fc\u00adberl von Wei\u00adhens\u00adte\u00adphan ein. Dann folg\u00adten F\u00fch\u00adrun\u00adgen durch den Dom mit F\u00fcrs\u00adten\u00adgang und durch die Dom\u00adbi\u00adblio\u00adthek, deren Best\u00e4nde z.T. auf den letz\u00adten Wel\u00adten\u00adbur\u00adger Abt vor der S\u00e4ku\u00adla\u00adri\u00adsa\u00adtion, Bene\u00addikt Wer\u00adner, zur\u00fcck\u00adge\u00adhen. Er hatte nach der Klos\u00adte\u00adrauf\u00adhe\u00adbung in M\u00fcn\u00adchen gewohnt und seine dort auf\u00adge\u00adbaute umfan\u00adgreiche Pri\u00advat\u00adbi\u00adblio\u00adthek dem neuer\u00adrich\u00adte\u00adten Semi\u00adnar vererbt. Auf dem R\u00fcck\u00adweg haben wir in der Frei\u00adsin\u00adger \u00ab&nbsp;Wies\u00adkirche&nbsp;\u00bb die Ves\u00adper gesungen.<\/p>\n<p style=\"text-align: justify;\">Die Ver\u00adbun\u00adden\u00adheit unse\u00adrer Abtei mit ande\u00adren Kl\u00f6s\u00adtern wird durch gegen\u00adsei\u00adtige Hil\u00adfen, Ein\u00adla\u00addun\u00adgen, Teil\u00adnahme an Fest\u00adli\u00adch\u00adkei\u00adten und Beer\u00addi\u00adgun\u00adgen deut\u00adlich. Dar\u00fc\u00adber hinaus fand in die\u00adsem Jahr das Gene\u00adral\u00adka\u00adpi\u00adtel Baye\u00adri\u00adschen Bene\u00addik\u00adti\u00adner\u00adkon\u00adgre\u00adga\u00adtion (BBK) statt. Daran nah\u00admen in Nie\u00adde\u00adral\u00adtaich Abt Tho\u00admas und P. Tho\u00admas (als gew\u00e4hl\u00adter Depu\u00adtier\u00adter) teil. Im Anschluss daran steht jeweils in den ein\u00adzel\u00adnen Kl\u00f6s\u00adtern die \u00ab&nbsp;\u00c4mte\u00adrer\u00adneue\u00adrung&nbsp;\u00bb und Senio\u00adren\u00adwahl an. Alle Offi\u00adzia\u00adlen wur\u00adden best\u00e4\u00adtigt und die bishe\u00adri\u00adgen Senio\u00adren wie\u00adder gew\u00e4hlt.<\/p>\n<p style=\"text-align: justify;\">Fr. Simon hat inz\u00adwi\u00adschen mehr als die H\u00e4lfte der Lehr\u00adzeit als Schrei\u00adner bei der Fir\u00adma Schmid in Abens\u00adberg absol\u00adviert. Fr. Rupert musste sich mit einer gerin\u00adgen Apfe\u00adlernte zufrie\u00adden geben. Daf\u00fcr waren die Honi\u00adger\u00adtr\u00e4ge um so erfreu\u00adli\u00adcher. Demn\u00e4chst wird er Honig\u00adgl\u00e4\u00adser mit einem eige\u00adnen Klos\u00adte\u00adre\u00adti\u00adkett ver\u00adse\u00adhen. P. Josef konnte die Bele\u00adgung im G\u00e4s\u00adte\u00adhaus wei\u00adter stei\u00adgern. Auch die Zahl der Tages\u00adve\u00adrans\u00adtal\u00adtun\u00adgen hat sich ver\u00admehrt. F\u00fcr Anfra\u00adgen gibt es inz\u00adwi\u00adschen eine eigene E\u2011Mail-Adresse&nbsp;: gaestehaus@kloster-weltenburg.de. P. Ste\u00adphan hat nun das Theo\u00adlo\u00adgies\u00adtu\u00addium in Salz\u00adburg abges\u00adchlos\u00adsen und begann mit Schul\u00adjah\u00adre\u00adsan\u00adfang am Donau-Gym\u00adna\u00adsium in Kel\u00adheim das Fach Reli\u00adgion zu unter\u00adrich\u00adten. Er h\u00e4lt mit P. Gre\u00adgor z.Zt. f\u00fcr den Gebets\u00adkreis einen mehr\u00admo\u00adna\u00adti\u00adgen Glau\u00adbens\u00adkurs. Zus\u00e4tz\u00adlich zu den Haupt\u00adfes\u00adten der Bru\u00adder\u00adschaf\u00adten wer\u00adden immer wie\u00adder Ein\u00adkehr\u00adtage ange\u00adbo\u00adten. U.a. refe\u00adrierte dabei die bekannte Kon\u00adver\u00adti\u00adtin Gabriele Kuby. Da mit\u00adtler\u00adweile immer mehr ausw\u00e4r\u00adtige Kir\u00adchenf\u00fch\u00adrer Grup\u00adpen nach Wel\u00adten\u00adburg beglei\u00adten, h\u00e4lt P. Leo\u00adpold regelm\u00e4\u00dfig spe\u00adzielle \u00ab&nbsp;Mus\u00adterf\u00fch\u00adrun\u00adgen&nbsp;\u00bb, so da\u00df es ein eini\u00adger\u00adma\u00dfen ein\u00adheit\u00adliches Kon\u00adzept gibt. Beson\u00adders beliebt sind bei den zahl\u00adrei\u00adchen und gro\u00dfen Grup\u00adpen aus den USA seine musi\u00adka\u00adli\u00adschen Ein\u00adla\u00adgen, n\u00e4m\u00adlich der Gesang eines Cho\u00adral\u00adst\u00fcckes. F\u00fcr Anfra\u00adgen, die die HVHS und auch die Kir\u00adchenf\u00fch\u00adrun\u00adgen betref\u00adfen, wird in K\u00fcrze fol\u00adgende E\u2011Mail-Adresse zur Verf\u00fc\u00adgung ste\u00adhen&nbsp;: info@hvhs-weltenburg.de. Nun kann auch der h\u00e4u\u00adfig ge\u00e4u\u00dferte Wunsch nach Orgel\u00admu\u00adsik aus unse\u00adrer Abtei\u00adkirche erf\u00fcllt wer\u00adden. Eine von P. Ste\u00adphan vor l\u00e4n\u00adge\u00adrer Zeit an der his\u00adto\u00adri\u00adschen Bran\u00adden\u00adstein-Orgel ein\u00adge\u00adspielte CD ist jetzt fer\u00adtig\u00adges\u00adtellt wor\u00adden und kann im Klos\u00adter\u00adla\u00adden erwor\u00adben bzw. auch bes\u00adtellt wer\u00adden. P. Prior ist mit dem stei\u00adgen\u00adden Umsatz seit der Neu\u00adges\u00adtal\u00adtung des Ladens sehr zufrie\u00adden. Beson\u00adders der Buch\u00adver\u00adkauf hat zugenommen.<\/p>\n<p style=\"text-align: justify;\">W\u00e4h\u00adrend diese Zei\u00adlen ges\u00adchrie\u00adben wer\u00adden, ist aller\u00addings schon Win\u00adter\u00adruhe. Wenn zu Alle\u00adrhei\u00adli\u00adgen die Schiff\u00adfahrt ein\u00adges\u00adtellt wird und bald darauf die Klos\u00adter\u00adschenke schlie\u00dft, kom\u00admen nur noch verein\u00adzelt G\u00e4ste oder gar Grup\u00adpen zum Klos\u00adter. Das wis\u00adsen aller\u00addings gerade die Besu\u00adcher des G\u00e4s\u00adte\u00adhauses zu sch\u00e4t\u00adzen, das ledi\u00adglich \u00fcber Weih\u00adnach\u00adten und w\u00e4h\u00adrend der Kon\u00adven\u00adtexer\u00adzi\u00adtien ges\u00adchlos\u00adsen ist. Wir w\u00fcn\u00adschen auch Ihnen jetzt in den Wochen der advent\u00adli\u00adchen Vor\u00adbe\u00adrei\u00adtun\u00adgen und zu den gro\u00dfen Fes\u00adten ein paar stille, besinn\u00adliche Tage und dann ein frohes und gese\u00adgnetes Weih\u00adnachts\u00adfest. M\u00f6ge f\u00fcr uns alle trotz gro\u00dfen Leides und Schre\u00adckens auf der gan\u00adzen Welt das Jahr des Herrn 2002 ein Jahr des Frie\u00addens wer\u00adden. Daf\u00fcr hat auch der Papst wie\u00adder Glie\u00adder aller Reli\u00adgions\u00adge\u00admein\u00adschaf\u00adten zum Gebet nach Assi\u00adsi ein\u00adge\u00adla\u00adden (24.I.). Gerade wir Kl\u00f6s\u00adter schlie\u00dfen uns dem an und hal\u00adten das Anlie\u00adgen in unse\u00adren Gebe\u00adten immer wie\u00adder leben\u00addig. Auch Sie alle mit Ihren klei\u00adnen und gro\u00dfen Anlie\u00adgen schlie\u00dfen wir dank\u00adbar f\u00fcr jede Ver\u00adbun\u00adden\u00adheit in unser Gebet&nbsp;ein.<\/p>\n<p style=\"text-align: justify;\">Dazu gr\u00fc\u00dfen Sie Ihre Bene\u00addik\u00adti\u00adner von Weltenburg.<\/p>\n","protected":false},"excerpt":{"rendered":"<p>Advent 2000 \u2013 Advent 2001 \u00ab&nbsp;Die Hei\u00adli\u00adgen kom\u00admen wie\u00adder.&nbsp;\u00bb Unter die\u00adsem Titel wurde vor \u00fcber 25 Jah\u00adren ein Buch \u00fcber die Hei\u00adli\u00adgen und ihre Vereh\u00adrung ver\u00f6f\u00adfent\u00adlicht. In die\u00adsem Jahr k\u00f6n\u00adnen wir die\u00adsen Buch\u00adti\u00adtel sehr w\u00f6rt\u00adlich neh\u00admen und ihn \u00fcber den Hochal\u00adtar unse\u00adrer Kirche schrei\u00adben. Fast drei Jahre zeig\u00adten sich zahl\u00adreiche Besu\u00adcher der Abtei\u00adkirche entt\u00e4u\u00adscht,&nbsp;als&nbsp;\u2026&nbsp;<\/p>\n<p class=\"link-more\"><a href=\"https:\/\/www.kloster-weltenburg.de\/fr\/2001\/12\/02\/jahresbericht-2001\/\" class=\"more-link\">Conti\u00adnuer la lec\u00adture<span class=\"screen-reader-text\"> de \u00ab&nbsp;Jah\u00adres\u00adbe\u00adricht&nbsp;2001&nbsp;\u00bb<\/span><\/a><\/p>\n","protected":false},"author":2,"featured_media":0,"comment_status":"closed","ping_status":"open","sticky":false,"template":"","format":"standard","meta":{"wp_typography_post_enhancements_disabled":false,"ngg_post_thumbnail":0,"footnotes":""},"categories":[36],"tags":[],"class_list":["post-245","post","type-post","status-publish","format-standard","hentry","category-jahresberichte"],"_links":{"self":[{"href":"https:\/\/www.kloster-weltenburg.de\/fr\/wp-json\/wp\/v2\/posts\/245","targetHints":{"allow":["GET"]}}],"collection":[{"href":"https:\/\/www.kloster-weltenburg.de\/fr\/wp-json\/wp\/v2\/posts"}],"about":[{"href":"https:\/\/www.kloster-weltenburg.de\/fr\/wp-json\/wp\/v2\/types\/post"}],"author":[{"embeddable":true,"href":"https:\/\/www.kloster-weltenburg.de\/fr\/wp-json\/wp\/v2\/users\/2"}],"replies":[{"embeddable":true,"href":"https:\/\/www.kloster-weltenburg.de\/fr\/wp-json\/wp\/v2\/comments?post=245"}],"version-history":[{"count":2,"href":"https:\/\/www.kloster-weltenburg.de\/fr\/wp-json\/wp\/v2\/posts\/245\/revisions"}],"predecessor-version":[{"id":334,"href":"https:\/\/www.kloster-weltenburg.de\/fr\/wp-json\/wp\/v2\/posts\/245\/revisions\/334"}],"wp:attachment":[{"href":"https:\/\/www.kloster-weltenburg.de\/fr\/wp-json\/wp\/v2\/media?parent=245"}],"wp:term":[{"taxonomy":"category","embeddable":true,"href":"https:\/\/www.kloster-weltenburg.de\/fr\/wp-json\/wp\/v2\/categories?post=245"},{"taxonomy":"post_tag","embeddable":true,"href":"https:\/\/www.kloster-weltenburg.de\/fr\/wp-json\/wp\/v2\/tags?post=245"}],"curies":[{"name":"wp","href":"https:\/\/api.w.org\/{rel}","templated":true}]}}