{"id":243,"date":"2000-12-03T21:04:19","date_gmt":"2000-12-03T20:04:19","guid":{"rendered":"http:\/\/abtei.kloster-weltenburg.de\/?p=243"},"modified":"2020-06-04T20:52:42","modified_gmt":"2020-06-04T18:52:42","slug":"jahresbericht-2000","status":"publish","type":"post","link":"https:\/\/www.kloster-weltenburg.de\/it\/2000\/12\/03\/jahresbericht-2000\/","title":{"rendered":"Jahresbericht 2000"},"content":{"rendered":"<h3 style=\"text-align: justify;\">Advent 1999 \u2013 Advent 2000<\/h3>\n<p style=\"text-align: justify;\">\u201eMil\u00adle\u00adnium\u201c<\/p>\n<p style=\"text-align: justify;\">Das Jahr 2000 \u2013 und mit ihm das \u201eHei\u00adli\u00adge Jahr\u201c oder \u201eJube\u00adljahr\u201c- neigt sich dem Ende zu. Am Hoch\u00adfe\u00adst der Erschei\u00adnung des Herrn, dem 6.Januar 2001, wird Pap\u00adst Johan\u00adnes Paul II. es beschlie\u00dfen. In die\u00adsem Jah\u00adre\u00adsbe\u00adri\u00adcht schauen wir aber erst ein\u00admal auf den Anfang zur\u00fcck. Wir haben das \u201eHei\u00adli\u00adge Jahr 2000\u201c f\u00fcr Welt\u00aden\u00adburg mit dem feier\u00adli\u00adchen Ein\u00adzug zur Christ\u00admet\u00adte durch das Haupt\u00adpor\u00adtal der Abtei- und Pfarr\u00adkir\u00adche und einem beson\u00adde\u00adren Ein\u00adgang\u00adsri\u00adtus sym\u00adbo\u00adli\u00adsch er\u00f6ff\u00adnet. Wir haben das Jube\u00adljahr auch zum Anla\u00df genom\u00admen, uns noch mehr mit unse\u00adrer Orden\u00adsre\u00adgel zu befas\u00adsen. So wur\u00adde begin\u00adnend mit dem I. Advent in die Litur\u00adgie des Nacht\u00adge\u00adbe\u00adtes ein neues Ele\u00adment ein\u00adge\u00adf\u00fcgt. Nach der Er\u00f6ff\u00adnung der Kom\u00adplet wer\u00adden eini\u00adge Absch\u00adnit\u00adte der Bene\u00addik\u00adtu\u00adsre\u00adgel vor\u00adge\u00adtra\u00adgen, an die sich ausgew\u00e4\u00adhl\u00adte zeit\u00adge\u00adn\u00f6s\u00adsi\u00adsche Kur\u00adz\u00adkom\u00admen\u00adta\u00adre anschlie\u00dfen. Dann folgt eine kur\u00adze Zeit der Stil\u00adle zur Besin\u00adnung, der das Schuld\u00adbe\u00adkennt\u00adnis folgt. Abt Chri\u00adstian Sch\u00fc\u00adtz von Sch\u00adwei\u00adkl\u00adberg hat uns dan\u00adken\u00adswer\u00adter\u00adwei\u00adse sei\u00adne Zusam\u00admen\u00adstel\u00adlung der Kur\u00adz\u00adkom\u00admen\u00adta\u00adre zur Ver\u00adf\u00fc\u00adgung gestellt. Eine ande\u00adre Ver\u00e4n\u00adde\u00adrung gab es auf der Welt\u00ade\u00adbe\u00adne unse\u00adres Ordens: W\u00e4h\u00adrend des \u00c4bte\u00adkon\u00adgres\u00adses im Sep\u00adtem\u00adber in Rom trat Abt\u00adpri\u00admas Mar\u00adcel Roo\u00adney aus gesun\u00add\u00adhei\u00adtli\u00adchen Gr\u00fcn\u00adden von sei\u00adnem Amt zur\u00fcck. Zum Nach\u00adfol\u00adger wur\u00adde Erzabt Not\u00adker Wolf von St. Otti\u00adlien gew\u00e4\u00adhlt. Zu Beginn des Kon\u00adgres\u00adses hat Pap\u00adst Johan\u00adnes Paul II. am 3.September mit Pap\u00adst Pius IX. und Pap\u00adst Johan\u00adnes XXIII. den Bene\u00addik\u00adti\u00adner Colum\u00adba Mar\u00admion, Abt von Mared\u00adsous, in das Ver\u00adzeich\u00adnis der Seli\u00adgen der Kir\u00adche auf\u00adge\u00adnom\u00admen. Er leb\u00adte von 1858\u20131923 und ist beson\u00adders als gei\u00adstli\u00adcher Schrif\u00adtstel\u00adler bekannt geworden.<\/p>\n<p style=\"text-align: justify;\">Zum Jah\u00adre\u00adswe\u00adch\u00adsel wur\u00adde die son\u00adst \u00fcbli\u00adche Tage\u00adsord\u00adnung ver\u00e4n\u00addert. Am Sil\u00adve\u00adste\u00adra\u00adbend wur\u00adde die Kom\u00adplet vor\u00adver\u00adlegt, so da\u00df anschlie\u00dfend Zeit zum gemein\u00adsa\u00admen Feiern war. Um 22 Uhr bete\u00adten wir die Vigil, anschlie\u00dfend war die Aus\u00adse\u00adtzung des Alle\u00adrhei\u00adlig\u00adsten, um das Jahr 2000 in Anbe\u00adtung vor dem Herrn zu begin\u00adnen. Die Mil\u00adle\u00adniums-Feier des Frei\u00adstaa\u00adtes Bayern wur\u00adde vom 21. \u2014 23. Juli \u00fcber drei Tage in Regen\u00adsburg, der alten baye\u00adri\u00adschen Haup\u00adtstadt, began\u00adgen. Auf die\u00adsem \u201cFest der Bayern\u201c, das von einer hal\u00adben Mil\u00adlion G\u00e4sten besu\u00adcht wur\u00adde, waren mit den mei\u00adsten im Bistum ans\u00e4s\u00adsi\u00adgen Orden\u00adsge\u00admein\u00adschaf\u00adten auch die Bene\u00addik\u00adti\u00adne\u00adrab\u00adteien Rohr, Met\u00adten und Welt\u00aden\u00adburg durch einen gemein\u00adsa\u00admen Infor\u00adma\u00adtions\u00adstand ver\u00adtre\u00adten. In der Basi\u00adli\u00adka St. Emme\u00adram war eine feier\u00adli\u00adche Vesper der baye\u00adri\u00adschen \u00c4bte und \u00c4btis\u00adsi\u00adnen, der Bischof Man\u00adfred von Regen\u00adsburg vor\u00adstand. Gei\u00adstli\u00adches R\u00fcstzeug f\u00fcr das gan\u00adze Jahr berei\u00adte\u00adte uns in den Kon\u00adven\u00adte\u00adxer\u00adzi\u00adtien vom 9.\u201314.Januar Pfar\u00adrer Josef Brand\u00adner. Der Prie\u00adster\u00adseel\u00adsor\u00adger des Erz\u00adbi\u00adstums M\u00fcn\u00adchen-Frei\u00adsing f\u00fchr\u00adte anhand ausgew\u00e4\u00adhl\u00adter Tex\u00adte durch das Johan\u00adnes-Evan\u00adge\u00adlium. Abt Tho\u00admas hielt das Jahr \u00fcber mon\u00adtags die Kon\u00adfe\u00adren\u00adzen f\u00fcr den Kon\u00advent, zu denen eini\u00adge Male auch ausw\u00e4r\u00adti\u00adge Refe\u00adren\u00adten ein\u00adge\u00adla\u00adden waren. Pater Dr. J\u00f6rg M\u00fcl\u00adler, Palot\u00adti\u00adner aus Frei\u00adsing, sprach zum The\u00adma \u201ePri\u00adva\u00adtof\u00adfen\u00adba\u00adrun\u00adgen\u201c. Der Bil\u00add\u00adhauer Alfred B\u00f6schl aus Adlhau\u00adsen ver\u00adsu\u00adch\u00adte im Hin\u00adblick auf die Aus\u00adstel\u00adlung \u201eWelt\u00aden\u00adbur\u00adger Spu\u00adren 2000\u201c in das Ver\u00adst\u00e4nd\u00adnis zeit\u00adge\u00adn\u00f6s\u00adsi\u00adscher Kun\u00adst ein\u00adzu\u00adf\u00fch\u00adren. Bei\u00adde The\u00admen reg\u00adten zu einem eifri\u00adgen Austau\u00adsch&nbsp;an.<\/p>\n<p style=\"text-align: justify;\">Kon\u00advent<\/p>\n<p style=\"text-align: justify;\">F\u00fcr den Kon\u00advent gab es in die\u00adsem Jube\u00adljahr meh\u00adre\u00adre Anl\u00e4s\u00adse zu feiern. Den Auf\u00adtakt bil\u00adde\u00adte am Hoch\u00adfe\u00adst des Hei\u00adm\u00adgan\u00adges des hl. Orden\u00adsva\u00adters Bene\u00addikt, dem 21. M\u00e4rz, die Zei\u00adtli\u00adche Pro\u00adfe\u00df unse\u00adres Fr. Simon M., durch die er sich f\u00fcr drei Jah\u00adre an unse\u00adre Gemein\u00adschaft band. Ende Juli begann der gelern\u00adte Zim\u00admer\u00admann eine wei\u00adte\u00adre Leh\u00adre als Schrei\u00adner bei der Fir\u00adma Sch\u00admid in Aben\u00adsberg. Am 13.April vol\u00adlen\u00adde\u00adte P. Raphael das 75. Leben\u00adsjahr. Er wirkt immer noch r\u00fch\u00adrig als Seel\u00adsor\u00adger in der Expo\u00adsi\u00adtur Ober\u00adried am Arber. Den 40. Geburts\u00adtag begin\u00adgen in die\u00adsem Jahr Abt Tho\u00admas M., P. Prior Bene\u00addikt und P. Gre\u00adgor. Am Hoch\u00adfe\u00adst des hl. Bene\u00addikt, des Patrons Euro\u00adpas, am 11.Juli, feier\u00adte Altabt Tho\u00admas in Welt\u00aden\u00adburg das Gol\u00adde\u00adne Prie\u00adste\u00adr\u00adju\u00adbi\u00adl\u00e4um. Altabt Emme\u00adram von Met\u00adten hielt die Fest\u00adpre\u00addigt. Im Anschlu\u00df an das abend\u00adli\u00adche Pon\u00adti\u00adfi\u00adka\u00adlamt wur\u00adden alle, die den Got\u00adte\u00adsdein\u00adst mit\u00adfeier\u00adten, \u00fcber 300 Gl\u00e4u\u00adbi\u00adge, in den R\u00e4u\u00admen der Klo\u00adster\u00adschen\u00adke als unse\u00adre G\u00e4ste bewir\u00adtet. Ein herau\u00adsra\u00adgen\u00addes Erei\u00adgnis war die Prie\u00adster\u00adwei\u00adhe von P. Ste\u00adfan am 23. Sep\u00adtem\u00adber. Ausge\u00adrech\u00adnet zu die\u00adsem Fest wur\u00adde das Klo\u00adster, wie berei\u00adts ein erstes Mal in die\u00adsem Jahr am Anfang des Mona\u00adts Augu\u00adst, wie\u00adder vom Hoch\u00adwas\u00adser der Donau ein\u00adge\u00adschlos\u00adsen. Die bei\u00adden Hoch\u00adwas\u00adser waren in dem f\u00fcr uns allj\u00e4hr\u00adlich \u201egewohn\u00adten\u201c Ausma\u00df. Bischof Man\u00adfred und alle Fest\u00adg\u00e4\u00adste mu\u00df\u00adten \u00fcber den Frauen\u00adberg kom\u00admen. Der \u201eLoret\u00adto-Gebe\u00adtskreis\u201c aus Salz\u00adburg hat\u00adte die musi\u00adka\u00adli\u00adsche Gestal\u00adtung \u00fcber\u00adnom\u00admen. Tags darauf beging P. Ste\u00adfan die Klo\u00adster\u00adpri\u00admiz. Abt Tho\u00admas M. hielt dazu im sonn\u00adt\u00e4\u00adgli\u00adchen Kon\u00adven\u00adtamt die Fest\u00adpre\u00addigt. Eine Woche sp\u00e4\u00adter, am 1. Okto\u00adber, nimmt ein gro\u00dfer Teil des Kon\u00adven\u00adtes an der Hei\u00admat\u00adpri\u00admiz in Diste\u00adlhau\u00adsen (Tau\u00adber\u00adbi\u00adschof\u00adsheim) teil. 1000 G\u00e4ste aus nah und fern feier\u00adten den Pri\u00admi\u00adz\u00adgot\u00adte\u00adsdien\u00adst im Festzelt mit; die Pre\u00addigt hielt der durch Med\u00adju\u00adgo\u00adr\u00adje bekann\u00adte P. Jozo Zov\u00adko OFM. Der Kon\u00advent ist zahlen\u00adm\u00e4\u00dfig gleich gro\u00df \u2013 bzw. klein \u2013 geblie\u00adben, den\u00adnoch hat es eini\u00adge Ver\u00e4n\u00adde\u00adrun\u00adgen gege\u00adben. Anfang Juni wur\u00adde Herr Neven Grgic, ein geb\u00fcr\u00adti\u00adger Kroa\u00adte, als Kan\u00addi\u00addat auf\u00adge\u00adnom\u00admen. Er hat das Theo\u00adlo\u00adgie\u00adstu\u00addium in Eich\u00adst\u00e4tt mit dem Diplom abge\u00adschlos\u00adsen. Als Auf\u00adga\u00adben\u00adge\u00adbiet hat er von Fr. Johan\u00adnes, der nach Ablauf der zei\u00adtli\u00adchen Gel\u00fcb\u00adde am 14. Sep\u00adtem\u00adber das Klo\u00adster ver\u00adlas\u00adsen hat, das Refek\u00adto\u00adrium \u00fcber\u00adnom\u00admen. Am 5. Okto\u00adber ver\u00adstarb nach lan\u00adger und sch\u00adwe\u00adrer Kran\u00adkheit die Mut\u00adter von P. Prior, Frau Anna Flei\u00adsch\u00admann. Abt Tho\u00admas M. hielt die Beer\u00addi\u00adgung in Hohen\u00adg\u00fc\u00df\u00adbach bei Bam\u00adberg, an der auch meh\u00adre\u00adre Mit\u00adbr\u00fc\u00adder teil\u00adnah\u00admen. Am 16. Okto\u00adber fand der die\u00adsj\u00e4h\u00adri\u00adge Kon\u00adven\u00adtau\u00adsflug statt, heuer ein\u00admal nicht per Auto oder Bus, son\u00addern zu Fu\u00df. An einem son\u00adni\u00adgen Herbst\u00adtag wan\u00adder\u00adten wir der Donau entlang nach Neu\u00adstadt, wo uns Stadt\u00adp\u00adfar\u00adrer Johan\u00adnes Hof\u00admann, der sich unse\u00adrer Gemein\u00adschaft sehr ver\u00adbun\u00adden f\u00fchlt, zum Kir\u00adch\u00adweih\u00adma\u00adhl ins neue Alte\u00adn\u00adheim gela\u00adden hat\u00adte. Der Gemein\u00adschaft der Welt\u00ado\u00adbla\u00adten m\u00f6ch\u00adte sich Frau Mar\u00adga\u00adre\u00adte Stau\u00addi\u00adgl (W\u00fcrz\u00adburg) anschlie\u00dfen. Sie begann am 24. Sep\u00adtem\u00adber das Probejahr.<\/p>\n<p style=\"text-align: justify;\">Arbei\u00adtsbe\u00adrei\u00adche<\/p>\n<p style=\"text-align: justify;\">Heuer gab es eine gan\u00adze Rei\u00adhe von Umbe\u00adse\u00adtzun\u00adgen: Zum 1.September wur\u00adde P. Josef M. zum Pfar\u00adrer von Welt\u00aden\u00adburg und Stau\u00adbing ernannt. P. Tho\u00admas wech\u00adsel\u00adte zum glei\u00adchen Ter\u00admin nach Ein\u00admu\u00df und \u00fcber\u00adnahm am 1. Novem\u00adber dazu noch die Pfar\u00adrei Teuer\u00adting, von der P. Cle\u00admens M. ins Klo\u00adster zur\u00fcck\u00adkehr\u00adte. Am 26. Novem\u00adber, dem Chri\u00adst\u00adk\u00f6\u00adnig\u00adsfe\u00adst, wur\u00adde er von den Gl\u00e4u\u00adbi\u00adgen beim Fest\u00adgot\u00adte\u00adsdien\u00adst und in der anschlie\u00dfen\u00adden Feier\u00adstun\u00adde verab\u00adschie\u00addet. P. Eusta\u00adsius been\u00adde\u00adte sei\u00adne T\u00e4ti\u00adg\u00adkeit in Tir\u00adschen\u00adreuth und wur\u00adde zum Kaplan f\u00fcr Teuer\u00adting und Ein\u00admu\u00df ernannt. Der Neu\u00adprie\u00adster P. Ste\u00adfan wur\u00adde zwei\u00adter Kaplan in Welt\u00aden\u00adburg und Stau\u00adbing. Nach der Zwang\u00adspau\u00adse durch die Hoch\u00adwas\u00adser\u00adka\u00adta\u00adstro\u00adphe im Vor\u00adjahr konn\u00adte Fr. Rupert aus Gar\u00adten, Obst\u00adbau und Imke\u00adrei gute Ertr\u00e4\u00adge lie\u00adfern. Am Nach\u00admit\u00adtag des zwei\u00adten Weih\u00adna\u00adch\u00adtsfeier\u00adta\u00adges rich\u00adte\u00adte der Orkan \u201eLothar\u201c am Buch\u00adhof etli\u00adche Sch\u00e4\u00adden an, sowo\u00adhl im Klo\u00adster\u00adwald als auch an den (z.T. erst neu gedeck\u00adten) D\u00e4chern. P. Leo\u00adpold kann eine stei\u00adgen\u00adde Zahl von Kir\u00adchen\u00adf\u00fch\u00adrun\u00adgen, auch f\u00fcr ame\u00adri\u00adka\u00adni\u00adsche Grup\u00adpen, ver\u00admer\u00adken. Er wird dabei von einer gro\u00dfen Schar von Tou\u00adri\u00adstik\u00adf\u00fch\u00adrern, beson\u00adders aus Kelheim und Regen\u00adsburg, unter\u00adst\u00fc\u00adtzt. Er hat sie in die Beson\u00adde\u00adrhei\u00adten der Abtei\u00adkir\u00adche und auch in das bene\u00addik\u00adti\u00adni\u00adsche Leben ein\u00adge\u00adf\u00fchrt, da\u00df die F\u00fch\u00adrun\u00adgen in unse\u00adrem Sin\u00adne gesche\u00adhen. Da die Bele\u00adgung in der Bege\u00adgnung\u00adst\u00e4t\u00adte St. Georg durch P. Josef M. kon\u00adti\u00adnuier\u00adlich gestei\u00adgert wer\u00adden konn\u00adte, wur\u00adde Frau Mein\u00adzer zus\u00e4\u00adtz\u00adlich f\u00fcr die Rei\u00adni\u00adgung der Zim\u00admer ein\u00adge\u00adstellt. Frau Kup\u00adke wech\u00adsel\u00adte dabei in die Spei\u00adse\u00ads\u00e4\u00adle, hat aller\u00addings inz\u00adwi\u00adschen dort gek\u00fcn\u00addigt. Che\u00adf\u00adkoch Wol\u00adfgang K\u00fch\u00adnel mit sei\u00adnem Team, aus dem nach lan\u00adgen Kran\u00adken\u00adzei\u00adten Frau Meier aus\u00adschied, macht es m\u00f6glich, auch gr\u00f6\u00dfe\u00adre sowie meh\u00adre\u00adre Grup\u00adpen glei\u00adch\u00adzei\u00adtig zu ver\u00adk\u00f6\u00adsti\u00adgen. Die nach den Hoch\u00adwas\u00adser\u00adsch\u00e4\u00adden des Jah\u00adres 1999 voll\u00adst\u00e4n\u00addig neu ein\u00adge\u00adri\u00adch\u00adte\u00adte K\u00fcche mit ihren Neben\u00adr\u00e4u\u00admen sowie die G\u00e4ste\u00adspei\u00adse\u00adzim\u00admer wur\u00adden am 16. Januar gese\u00adgnet. Anschlie\u00dfend war gemein\u00adsa\u00admer Kaf\u00adfee mit dem K\u00fcchen\u00adper\u00adso\u00adnal und unse\u00adren bei\u00adden Mau\u00adrern. In der W\u00e4sche\u00adrei wur\u00adde Frau Stoc\u00adker zum Sch\u00adnei\u00addern und Ausbes\u00adsern der Habi\u00adte neu ein\u00adge\u00adstellt. Mit den Ange\u00adstell\u00adten unter\u00adnahm P. Prior Bene\u00addikt am 26. Juli einen Betrieb\u00adsau\u00adsflug zum Chiemsee.<\/p>\n<p style=\"text-align: justify;\">Rund ums Kloster<\/p>\n<p style=\"text-align: justify;\">Das Jahr 2000 bra\u00adch\u00adte f\u00fcr die Braue\u00adrei ein beson\u00adde\u00adres Jubi\u00adl\u00e4um \u201e950 Jah\u00adre Klo\u00adster\u00adbraue\u00adrei Welt\u00aden\u00adburg\u201c. Sie ist die \u00e4lte\u00adste Klo\u00adster\u00adbraue\u00adrei der Welt. Aus die\u00adsem Anla\u00df wur\u00adde eine neue Bier\u00adsor\u00adte, \u201eAnno 1050\u201c, ein\u00adge\u00adbraut, die am 23. Februar vor\u00adge\u00adstellt wur\u00adde. Das Jubi\u00adl\u00e4um wur\u00adde auch kir\u00adchlich mit einem festli\u00adchen Dank\u00adgot\u00adte\u00adsdien\u00adst am 2. Juli began\u00adgen, bei dem die H. H. Dom\u00adka\u00adpi\u00adtu\u00adla\u00adre Robert H\u00fctt\u00adner und Anton Wilhelm, die Mit\u00adglie\u00adder des Ver\u00adwal\u00adtung\u00adsra\u00adtes der Braue\u00adrei Bischof\u00adshof in Regen\u00adsburg sind, kon\u00adze\u00adle\u00adbrier\u00adten. Beson\u00adde\u00adre Bea\u00adch\u00adtung fand die Fest\u00adpre\u00addigt von Abt Tho\u00admas M. \u00fcber das Bier. Au\u00dfer\u00addem waren ver\u00adschie\u00adde\u00adne Pr\u00e4\u00adsen\u00adta\u00adtio\u00adnen und ein \u201eTag der offe\u00adnen T\u00fcr\u201c am 14.\/15. Okto\u00adber, bei dem \u00fcber 5000 Besu\u00adcher gez\u00e4\u00adhlt wur\u00adden. Alle erhiel\u00adten eine Ma\u00df Frei\u00adbier und ein Pr\u00e4\u00adsent. Im Jubi\u00adl\u00e4um\u00adsjahr ging der tech\u00adni\u00adsche Direk\u00adtor der Braue\u00adrei Bischof\u00adshof und der Klo\u00adster\u00adbraue\u00adrei, Herr Herr\u00admann Weindl, in den Ruhe\u00adstand. Seit dem die gesch\u00e4f\u00adtli\u00adche Ver\u00adbin\u00addung zwi\u00adschen bei\u00adden Braue\u00adreien beste\u00adht, war Herr Weindl auch dem Klo\u00adster ste\u00adts sehr ver\u00adbun\u00adden. Unse\u00adre Segen\u00adsw\u00fcn\u00adsche beglei\u00adten ihn. Die Welt\u00aden\u00adbur\u00adger Musik\u00adge\u00admein\u00adschaft unter der Lei\u00adtung von Prof. Josef Kohlh\u00e4u\u00adfl wirk\u00adte mehr\u00adfach bei der festli\u00adchen Gestal\u00adtung des Got\u00adte\u00adsdien\u00adstes mit, so am 3. Advent, in der Christ\u00admet\u00adte, beim Gol\u00adde\u00adnen Prie\u00adste\u00adr\u00adju\u00adbi\u00adl\u00e4um von Altabt Tho\u00admas sowie zum Jubi\u00adl\u00e4um der Klo\u00adster\u00adbraue\u00adrei. Au\u00dfer\u00addem fan\u00adden, wie es schon lan\u00adge Tra\u00addi\u00adtion ist, zwei Kon\u00adzer\u00adte statt, im Som\u00admer und im Herb\u00adst. Bei\u00adde zogen wie\u00adder zahl\u00adrei\u00adche Freun\u00adde der gei\u00adstli\u00adchen Musik an. Beim Herb\u00adst\u00adkon\u00adzert trat der Verein der \u201eFreun\u00adde der Bene\u00addik\u00adti\u00adne\u00adrab\u00adtei Welt\u00aden\u00adburg e.V.\u201c als Mit\u00adve\u00adran\u00adstal\u00adter auf. Seit sei\u00adner Gr\u00fcn\u00addung im Okto\u00adber 1999 sind ihm inz\u00adwi\u00adschen 140 Per\u00adso\u00adnen, Fir\u00admen und Insti\u00adtu\u00adtio\u00adnen bei\u00adge\u00adtre\u00adten. Als klei\u00adnes \u201eDan\u00adke sch\u00f6n\u201c waren die Mit\u00adglie\u00adder im Anschlu\u00df an das Kon\u00adzert zu einem kur\u00adzen Ste\u00adhem\u00adp\u00adfang ein\u00adge\u00adla\u00adden. Es w\u00e4re erfreu\u00adlich, wenn sich wei\u00adte\u00adrhin vie\u00adle durch ihren Bei\u00adtritt \u201eoffen als Freun\u00adde Welt\u00aden\u00adburgs beken\u00adnen\u201c w\u00fcrden.<\/p>\n<p style=\"text-align: justify;\">Vom 29. Juli bis 3. Sep\u00adtem\u00adber fand erst\u00admals die Aus\u00adstel\u00adlung zeit\u00adge\u00adn\u00f6s\u00adsi\u00adscher Kun\u00adst unter dem Mot\u00adto \u201eWelt\u00aden\u00adbur\u00adger Spu\u00adren 2000\u201c statt. Herr Regie\u00adrung\u00adspr\u00e4\u00adsi\u00addent Dr. Wal\u00adter Zitzel\u00adsber\u00adger hat sie in Anwe\u00adsen\u00adheit zahl\u00adrei\u00adcher G\u00e4ste und Kunst\u00adfreun\u00adde offi\u00adziell er\u00f6ff\u00adnet. Von der Anle\u00adge\u00adstel\u00adle der Schif\u00adfe an der Donau, \u00fcber den Klo\u00adste\u00adrhof bis hin zum Frauen\u00adberg sowie im Festsaal waren die Wer\u00adke von 15 K\u00fcn\u00adstlern ausge\u00adstellt. Kur\u00adze Erkl\u00e4\u00adrun\u00adgen sowie ein Lage\u00adplan lagen f\u00fcr die Besu\u00adcher aus. Beson\u00adders ver\u00addient gema\u00adcht um die Aus\u00adstel\u00adlung hat sich der Bil\u00add\u00adhauer Alfred B\u00f6schl durch Idee, Kon\u00adzept und Orga\u00adni\u00adsa\u00adtion. Inz\u00adwi\u00adschen ist auch ein Kata\u00adlog erschie\u00adnen, der im Klo\u00adster\u00adla\u00adden erwor\u00adben wer\u00adden kann. Die\u00adses Pro\u00adjekt wur\u00adde beson\u00adders von der Klo\u00adster\u00adbraue\u00adrei im Rah\u00admen ihres Jubi\u00adl\u00e4ums gef\u00f6r\u00addert, wof\u00fcr Herrn Direk\u00adtor H.J. Moser aufri\u00adch\u00adtig gedankt sei. F\u00fcr die Aus\u00adstel\u00adlung \u201eNatur \u2013 in Sei\u00adde gesch\u00adnit\u00adten\u201c des \u201eGr\u00f6\u00adbal-Ate\u00adliers\u201c, die in den letz\u00adten Jah\u00adren mei\u00adst in den Ferie\u00adn\u00adwo\u00adchen statt\u00adfand, wur\u00adde ein neuer Raum gefun\u00adden, n\u00e4m\u00adlich der fr\u00fc\u00adhe\u00adre Hoch\u00adwas\u00adser\u00adstall am Weg zum Frauen\u00adberg. Er kann als Ort f\u00fcr eine Daue\u00adraus\u00adstel\u00adlung genu\u00adtzt wer\u00adden. Er erhielt den Namen \u201cArche Noah\u201c. In den Som\u00admer\u00admo\u00adna\u00adten sol\u00adlen Natur\u00adf\u00fch\u00adrun\u00adgen von dort ihren Ausgang neh\u00admen. Am 23. Okto\u00adber wur\u00adde der nun reno\u00advier\u00adte Raum den M\u00f6n\u00adchen, Ange\u00adstell\u00adten und G\u00e4sten vor\u00adge\u00adstellt. Im Rah\u00admen die\u00adses Abends trat die \u201eZau\u00adber\u00adk\u00fcn\u00adstle\u00adrin Jani\u00adne Sil\u00adver\u201c auf und \u201ebezau\u00adber\u00adte\u201c die Anwe\u00adsen\u00adden. F\u00fcr die Haupt\u00adfe\u00adste der Bru\u00adder\u00adschaf\u00adten gewann ihr Pr\u00e4\u00adses P. Gre\u00adgor Herrn Pr\u00e4\u00adlat Lud\u00adwig Scharf aus Regen\u00adsburg sowie P. Pro\u00advin\u00adzial Gre\u00adgor Len\u00adzen von den Pas\u00adsio\u00adni\u00adsten in M\u00fcn\u00adchen als Fest\u00adpre\u00addi\u00adger. Au\u00dfer\u00addem fan\u00adden die f\u00fcr die Mit\u00adglie\u00adder orga\u00adni\u00adsier\u00adten Ein\u00adkehr\u00adta\u00adge regen Zulauf.<\/p>\n<p style=\"text-align: justify;\">G\u00e4ste<\/p>\n<p style=\"text-align: justify;\">Ein beson\u00adde\u00adres Erei\u00adgnis, das wohl histo\u00adri\u00adsch genannt wer\u00adden kann, war der Besuch unse\u00adres Di\u00f6\u00adze\u00adsan\u00adbi\u00adschofs Man\u00adfred M\u00fcl\u00adler, des Weih\u00adbi\u00adschofs Vin\u00adzenz Gug\u00adgen\u00adber\u00adger und des gesam\u00adten Dom\u00adka\u00adpi\u00adtels in Welt\u00aden\u00adburg am Nach\u00admit\u00adtag des 18. Sep\u00adtem\u00adber. Nicht ein feier\u00adli\u00adcher Anla\u00df f\u00fchr\u00adte uns zusam\u00admen, son\u00addern der Wun\u00adsch, unser Klo\u00adster, auch von innen, etwas n\u00e4her ken\u00adnen\u00adzu\u00adler\u00adnen. Nach einer F\u00fch\u00adrung durch die Braue\u00adrei, die Klau\u00adsur und die \u00fcbri\u00adgen Klo\u00adster\u00adge\u00adb\u00e4u\u00adde san\u00adgen wir mitei\u00adnan\u00adder die Vesper, der sich das gemein\u00adsa\u00adme Aben\u00addes\u00adsen im Refek\u00adto\u00adrium anschlo\u00df. In der zwan\u00adglo\u00adsen Atmo\u00adsph\u00e4\u00adre kamen der Kon\u00advent und die hohen G\u00e4ste sch\u00adnell ins Gespr\u00e4ch mitei\u00adnan\u00adder. Am 16. Januar besu\u00adch\u00adte der Regie\u00adrung\u00adspr\u00e4\u00adsi\u00addent von Nie\u00adder\u00adbayern, Dr. Wal\u00adter Zitzel\u00adsber\u00adger, mit Gat\u00adtin unse\u00adre Abtei. Zu ver\u00adschie\u00adde\u00adnen Anl\u00e4s\u00adsen weil\u00adten mehr\u00admals Lan\u00addrat Dr. Hubert Fal\u00adter\u00admeier, der auch der 1. Vor\u00adsi\u00adtzen\u00adde des \u201eVereins der Freun\u00adde der Bene\u00addik\u00adti\u00adne\u00adrab\u00adtei Welt\u00aden\u00adburg e.V.\u201c ist, B\u00fcr\u00adger\u00admei\u00adster Heinz Rei\u00adche von Kelheim und des\u00adsen Stell\u00adver\u00adtre\u00adter bei uns. Auch in die\u00adsem Jahr fand wie\u00adder der erste Teil des Kom\u00admun\u00adno\u00advi\u00adzia\u00adtes der baye\u00adri\u00adschen Bene\u00addik\u00adti\u00adner\u00adkon\u00adgre\u00adga\u00adtion in unse\u00adrer Abtei statt. Vom 2.\u201320.Mai hat\u00adte unser Kon\u00advent Ver\u00adst\u00e4r\u00adkung durch sechs Novi\u00adzen. Tra\u00addi\u00adtio\u00adnel\u00adler\u00adwei\u00adse fiel das \u201eKlei\u00adne \u00c4bte\u00adtref\u00adfen\u201c in die\u00adsen Zei\u00adtraum. Am 22.September unter\u00adnah\u00admen die zei\u00adtli\u00adchen Pro\u00adfes\u00adsen der Kon\u00adgre\u00adga\u00adtion von St. Otti\u00adlien einen Ausflug und waren unse\u00adre G\u00e4ste beim Chor\u00adge\u00adbet und im Refek\u00adto\u00adrium bei den Mahl\u00adzei\u00adten. Am Fest der Hl. Schu\u00adtzen\u00adgel, dem Patro\u00adzi\u00adnium unse\u00adrer Baye\u00adri\u00adschen Bene\u00addik\u00adti\u00adner\u00adkon\u00adgre\u00adga\u00adtion, dem 2.Oktober, spen\u00adde\u00adte Abt Tho\u00admas M. unse\u00adrem mehr\u00adma\u00adli\u00adgen Gast Mar\u00adtin Nyq\u00advi\u00adst aus Obe\u00adrur\u00adsel im Pon\u00adti\u00adfi\u00adka\u00adlamt das Sakra\u00adment der Firmung.<\/p>\n<p style=\"text-align: justify;\">Wenn auch das Inter\u00adnet immer mehr an Bedeu\u00adtung gewinnt, blei\u00adben doch alle ande\u00adren Wege der Ver\u00adbun\u00adden\u00adheit wei\u00adte\u00adrhin wich\u00adtig. F\u00fcr die\u00adse m\u00f6ch\u00adten wir Ihnen ein herz\u00adli\u00adches \u201eVergelt\u2019s Gott\u201c sagen: Besu\u00adche, Post, Spen\u00adden, die Mit\u00adglied\u00adschaft im F\u00f6r\u00adder\u00adve\u00adrein \u2013 und vor allem auch das Gebet. Darin t\u00e4glich ver\u00adbun\u00adden ver\u00adblei\u00adben wir herz\u00adlich gr\u00fc\u00dfend mit rei\u00adchen Segen\u00adsw\u00fcn\u00adschen zum Weih\u00adna\u00adch\u00adtsfe\u00adst und f\u00fcr das neue Jahrtausend<\/p>\n<p style=\"text-align: justify;\">Ihre Bene\u00addik\u00adti\u00adner von Weltenburg<\/p>\n","protected":false},"excerpt":{"rendered":"<p>Advent 1999 \u2013 Advent 2000 \u201eMil\u00adle\u00adnium\u201c Das Jahr 2000 \u2013 und mit ihm das \u201eHei\u00adli\u00adge Jahr\u201c oder \u201eJube\u00adljahr\u201c- neigt sich dem Ende zu. Am Hoch\u00adfe\u00adst der Erschei\u00adnung des Herrn, dem 6.Januar 2001, wird Pap\u00adst Johan\u00adnes Paul II. es beschlie\u00dfen. In die\u00adsem Jah\u00adre\u00adsbe\u00adri\u00adcht schauen wir aber erst ein\u00admal auf den Anfang zur\u00fcck. Wir haben das \u201eHei\u00adli\u00adge \u2026 <\/p>\n<p class=\"link-more\"><a href=\"https:\/\/www.kloster-weltenburg.de\/it\/2000\/12\/03\/jahresbericht-2000\/\" class=\"more-link\">Leg\u00adgi tut\u00adto<span class=\"screen-reader-text\"> \u201cJah\u00adre\u00adsbe\u00adri\u00adcht&nbsp;2000\u201d<\/span><\/a><\/p>\n","protected":false},"author":2,"featured_media":0,"comment_status":"closed","ping_status":"open","sticky":false,"template":"","format":"standard","meta":{"wp_typography_post_enhancements_disabled":false,"ngg_post_thumbnail":0,"footnotes":""},"categories":[36],"tags":[],"class_list":["post-243","post","type-post","status-publish","format-standard","hentry","category-jahresberichte"],"_links":{"self":[{"href":"https:\/\/www.kloster-weltenburg.de\/it\/wp-json\/wp\/v2\/posts\/243","targetHints":{"allow":["GET"]}}],"collection":[{"href":"https:\/\/www.kloster-weltenburg.de\/it\/wp-json\/wp\/v2\/posts"}],"about":[{"href":"https:\/\/www.kloster-weltenburg.de\/it\/wp-json\/wp\/v2\/types\/post"}],"author":[{"embeddable":true,"href":"https:\/\/www.kloster-weltenburg.de\/it\/wp-json\/wp\/v2\/users\/2"}],"replies":[{"embeddable":true,"href":"https:\/\/www.kloster-weltenburg.de\/it\/wp-json\/wp\/v2\/comments?post=243"}],"version-history":[{"count":2,"href":"https:\/\/www.kloster-weltenburg.de\/it\/wp-json\/wp\/v2\/posts\/243\/revisions"}],"predecessor-version":[{"id":335,"href":"https:\/\/www.kloster-weltenburg.de\/it\/wp-json\/wp\/v2\/posts\/243\/revisions\/335"}],"wp:attachment":[{"href":"https:\/\/www.kloster-weltenburg.de\/it\/wp-json\/wp\/v2\/media?parent=243"}],"wp:term":[{"taxonomy":"category","embeddable":true,"href":"https:\/\/www.kloster-weltenburg.de\/it\/wp-json\/wp\/v2\/categories?post=243"},{"taxonomy":"post_tag","embeddable":true,"href":"https:\/\/www.kloster-weltenburg.de\/it\/wp-json\/wp\/v2\/tags?post=243"}],"curies":[{"name":"wp","href":"https:\/\/api.w.org\/{rel}","templated":true}]}}